{"id":9213,"date":"2024-05-24T13:29:13","date_gmt":"2024-05-24T11:29:13","guid":{"rendered":"https:\/\/consuladouy-bcn.es\/httpdocs\/?p=9213"},"modified":"2024-05-24T13:29:13","modified_gmt":"2024-05-24T11:29:13","slug":"premios-fernando-albi-diputacion-de-alicante","status":"publish","type":"post","link":"https:\/\/consuladouy-bcn.es\/httpdocs\/premios-fernando-albi-diputacion-de-alicante\/","title":{"rendered":"\u00abPREMIOS FERNANDO ALBI\u00bb &#8211; DIPUTACI\u00d3N DE ALICANTE"},"content":{"rendered":"\t\t<div data-elementor-type=\"wp-post\" data-elementor-id=\"9213\" class=\"elementor elementor-9213\" data-elementor-post-type=\"post\">\n\t\t\t\t<div class=\"elementor-element elementor-element-5a8d057 e-flex e-con-boxed e-con e-parent\" data-id=\"5a8d057\" data-element_type=\"container\" data-e-type=\"container\">\n\t\t\t\t\t<div class=\"e-con-inner\">\n\t\t\t\t<div class=\"elementor-element elementor-element-6044829 elementor-widget elementor-widget-text-editor\" data-id=\"6044829\" data-element_type=\"widget\" data-e-type=\"widget\" data-widget_type=\"text-editor.default\">\n\t\t\t\t<div class=\"elementor-widget-container\">\n\t\t\t\t\t\t\t\t\t<div style=\"color: #000000; font-family: Arial, Helvetica, sans-serif, EmojiFont, 'Apple Color Emoji', 'Segoe UI Emoji', NotoColorEmoji, 'Segoe UI Symbol', 'Android Emoji', EmojiSymbols; font-size: 14.6667px; text-indent: 35.4pt; margin: 0px;\" align=\"justify\"><br \/><\/div>\n<div style=\"color: #000000; font-family: Arial, Helvetica, sans-serif, EmojiFont, 'Apple Color Emoji', 'Segoe UI Emoji', NotoColorEmoji, 'Segoe UI Symbol', 'Android Emoji', EmojiSymbols; font-size: 14.6667px; text-indent: 35.4pt; margin: 0px;\" align=\"justify\"><span style=\"font-family: Calibri, sans-serif, serif, EmojiFont; font-size: small;\"><span style=\"font-size: 11pt;\"><span style=\"font-family: Verdana, sans-serif, serif, EmojiFont;\">Se informa que la Diputaci\u00f3n Provincial de Alicante, en su labor de difusi\u00f3n de la cultura y al objeto de fomentar y ahondar en una de las l\u00edneas de trabajo de esta Diputaci\u00f3n ha venido convocando desde el a\u00f1o 1999 los \u201cPremios Fernando Albi\u201d de estudios sobre la Administraci\u00f3n Local.<\/span><\/span><\/span><\/div>\n<div style=\"color: #000000; font-family: Arial, Helvetica, sans-serif, EmojiFont, 'Apple Color Emoji', 'Segoe UI Emoji', NotoColorEmoji, 'Segoe UI Symbol', 'Android Emoji', EmojiSymbols; font-size: 14.6667px; text-indent: 35.4pt; margin: 0px;\" align=\"justify\"><span style=\"font-family: Calibri, sans-serif, serif, EmojiFont; font-size: small;\"><span style=\"font-size: 11pt;\"><span style=\"font-family: Verdana, sans-serif, serif, EmojiFont;\">Los \u201cPremios Fernando Albi\u201d van dirigidos a ciudadanos de nacionalidad iberoamericana y espa\u00f1ola y tienen el objeto de premiar trabajos originales&nbsp;e in\u00e9ditos relacionados con cualquier tema referente a la Administraci\u00f3n Local o que afecten directamente a dicho \u00e1mbito.<\/span><\/span><\/span><br \/><span style=\"font-family: Calibri, sans-serif, serif, EmojiFont; font-size: small;\"><span style=\"font-size: 11pt;\"><span style=\"font-family: Verdana, sans-serif, serif, EmojiFont;\"><br \/><\/span><\/span><\/span><\/div>\n<div style=\"color: #000000; font-family: Arial, Helvetica, sans-serif, EmojiFont, 'Apple Color Emoji', 'Segoe UI Emoji', NotoColorEmoji, 'Segoe UI Symbol', 'Android Emoji', EmojiSymbols; font-size: 14.6667px; text-indent: 35.4pt; margin: 0px;\" align=\"justify\"><span style=\"font-family: Calibri, sans-serif, serif, EmojiFont; font-size: small;\"><span style=\"font-size: 11pt;\"><span style=\"font-family: Verdana, sans-serif, serif, EmojiFont;\">Por tal motivo,&nbsp;<b>se difunde<\/b><\/span><span style=\"font-family: Verdana, sans-serif, serif, EmojiFont;\">&nbsp;al objeto de que se conozca por el mayor n\u00famero de personas que sea posible y facilitar as\u00ed la participaci\u00f3n de todos aquellos que pudieran estar interesados.<\/span><\/span><\/span><\/div>\n<div style=\"color: #000000; font-family: Arial, Helvetica, sans-serif, EmojiFont, 'Apple Color Emoji', 'Segoe UI Emoji', NotoColorEmoji, 'Segoe UI Symbol', 'Android Emoji', EmojiSymbols; font-size: 14.6667px; text-indent: 35.4pt; margin: 0px;\" align=\"justify\"><span style=\"font-family: Calibri, sans-serif, serif, EmojiFont; font-size: small;\"><span style=\"font-size: 11pt;\"><span style=\"font-family: Verdana, sans-serif, serif, EmojiFont;\">&nbsp;<\/span><\/span><\/span><\/div>\n<div style=\"color: #000000; font-family: Arial, Helvetica, sans-serif, EmojiFont, 'Apple Color Emoji', 'Segoe UI Emoji', NotoColorEmoji, 'Segoe UI Symbol', 'Android Emoji', EmojiSymbols; font-size: 14.6667px; text-indent: 35.4pt; margin: 0px;\" align=\"justify\">\n<div style=\"text-indent: 35.4pt; margin: 0px;\" align=\"justify\">Ver a continuaci\u00f3n archivos de inter\u00e9s:<\/div>\n<div style=\"text-indent: 35.4pt; margin: 0px;\" align=\"justify\">&nbsp;<\/div>\n<div style=\"text-indent: 35.4pt; margin: 0px;\" align=\"justify\"><a style=\"background-color: #ffffff; font-family: Verdana, sans-serif, serif, EmojiFont; text-indent: 47.2px;\" href=\"https:\/\/consuladouy-bcn.es\/wp-content\/uploads\/2024\/04\/20240412_Comunicacion_Oficio_Oficio-EMBAJADAS-Premio-Fernando-Albi-2024.pdf\">20240412_Comunicaci\u00f3n_Oficio_Oficio EMBAJADAS Premio Fernando Albi 2024<\/a><\/div><div style=\"text-indent: 35.4pt; margin: 0px;\" align=\"justify\"><a href=\"https:\/\/consuladouy-bcn.es\/wp-content\/uploads\/2024\/04\/20240405_Resolucion_DECRETO-2024-1483-Resolucion-PR_2024_1863-Circuito-de-Resolucion-de-Organo-Unipersonal.pdf\" style=\"background-color: rgb(255, 255, 255); font-family: Calibri, sans-serif, serif, EmojiFont; text-indent: 47.2px;\">20240405_Resoluci\u00f3n_DECRETO 2024-1483 [Resoluci\u00f3n PR_2024_1863 &#8211; Circuito de Resoluci\u00f3n de \u00d3rgano Unipersonal]<\/a><br \/><\/div>\n<div style=\"text-indent: 35.4pt; margin: 0px;\" align=\"justify\">&nbsp;<\/div>\n<div style=\"text-indent: 35.4pt; margin: 0px;\" align=\"justify\">&nbsp;<\/div>\n<div style=\"text-indent: 35.4pt; margin: 0px;\" align=\"justify\">&nbsp;<\/div>\n<\/div>\t\t\t\t\t\t\t\t<\/div>\n\t\t\t\t<\/div>\n\t\t\t\t\t<\/div>\n\t\t\t\t<\/div>\n\t\t\t\t<\/div>\n\t\t","protected":false},"excerpt":{"rendered":"<p>Se informa que la Diputaci\u00f3n Provincial de Alicante, en su labor de difusi\u00f3n de la cultura y al objeto de fomentar y ahondar en una de las l\u00edneas de trabajo de esta Diputaci\u00f3n ha venido convocando desde el a\u00f1o 1999 los \u201cPremios Fernando Albi\u201d de estudios sobre la Administraci\u00f3n Local. Los \u201cPremios Fernando Albi\u201d van&#8230;<\/p>\n","protected":false},"author":6445,"featured_media":9214,"comment_status":"closed","ping_status":"closed","sticky":false,"template":"","format":"standard","meta":{"_kad_post_transparent":"","_kad_post_title":"","_kad_post_layout":"","_kad_post_sidebar_id":"","_kad_post_content_style":"","_kad_post_vertical_padding":"","_kad_post_feature":"","_kad_post_feature_position":"","_kad_post_header":false,"_kad_post_footer":false,"footnotes":""},"categories":[11],"tags":[],"class_list":["post-9213","post","type-post","status-publish","format-standard","has-post-thumbnail","hentry","category-noticias"],"_links":{"self":[{"href":"https:\/\/consuladouy-bcn.es\/httpdocs\/wp-json\/wp\/v2\/posts\/9213","targetHints":{"allow":["GET"]}}],"collection":[{"href":"https:\/\/consuladouy-bcn.es\/httpdocs\/wp-json\/wp\/v2\/posts"}],"about":[{"href":"https:\/\/consuladouy-bcn.es\/httpdocs\/wp-json\/wp\/v2\/types\/post"}],"author":[{"embeddable":true,"href":"https:\/\/consuladouy-bcn.es\/httpdocs\/wp-json\/wp\/v2\/users\/6445"}],"replies":[{"embeddable":true,"href":"https:\/\/consuladouy-bcn.es\/httpdocs\/wp-json\/wp\/v2\/comments?post=9213"}],"version-history":[{"count":7,"href":"https:\/\/consuladouy-bcn.es\/httpdocs\/wp-json\/wp\/v2\/posts\/9213\/revisions"}],"predecessor-version":[{"id":9223,"href":"https:\/\/consuladouy-bcn.es\/httpdocs\/wp-json\/wp\/v2\/posts\/9213\/revisions\/9223"}],"wp:featuredmedia":[{"embeddable":true,"href":"https:\/\/consuladouy-bcn.es\/httpdocs\/wp-json\/wp\/v2\/media\/9214"}],"wp:attachment":[{"href":"https:\/\/consuladouy-bcn.es\/httpdocs\/wp-json\/wp\/v2\/media?parent=9213"}],"wp:term":[{"taxonomy":"category","embeddable":true,"href":"https:\/\/consuladouy-bcn.es\/httpdocs\/wp-json\/wp\/v2\/categories?post=9213"},{"taxonomy":"post_tag","embeddable":true,"href":"https:\/\/consuladouy-bcn.es\/httpdocs\/wp-json\/wp\/v2\/tags?post=9213"}],"curies":[{"name":"wp","href":"https:\/\/api.w.org\/{rel}","templated":true}]}}