{"id":8883,"date":"2026-09-01T14:50:41","date_gmt":"2026-09-01T12:50:41","guid":{"rendered":"https:\/\/consuladouy-bcn.es\/httpdocs\/?p=8883"},"modified":"2026-09-01T14:51:06","modified_gmt":"2026-09-01T12:51:06","slug":"sistema-fe-de-vida-biometrico-rostro-bps-caido-no-operativo-momentaneamente","status":"publish","type":"post","link":"https:\/\/consuladouy-bcn.es\/httpdocs\/sistema-fe-de-vida-biometrico-rostro-bps-caido-no-operativo-momentaneamente\/","title":{"rendered":"Sistema Fe de Vida Biom\u00e9trico\/Rostro BPS Ca\u00eddo &#8211; No Operativo moment\u00e1neamente."},"content":{"rendered":"\n<p>Se informa que el Sistema de Fe de Vida del BPS Biom\u00e9trico por Fe de Vida est\u00e1 ca\u00eddo. <\/p>\n\n\n\n<p>Si usted debe renovar su fe de vida sugerimos realizarla a partir del d\u00eda jueves 3 de septiembre cuando se restablezca el sistema.<\/p>\n\n\n\n<p><\/p>\n","protected":false},"excerpt":{"rendered":"<p>Se informa que el Sistema de Fe de Vida del BPS Biom\u00e9trico por Fe de Vida est\u00e1 ca\u00eddo. Si usted debe renovar su fe de vida sugerimos realizarla a partir del d\u00eda jueves 3 de septiembre cuando se restablezca el sistema.<\/p>\n","protected":false},"author":6445,"featured_media":8764,"comment_status":"closed","ping_status":"closed","sticky":false,"template":"","format":"standard","meta":{"_kad_post_transparent":"","_kad_post_title":"","_kad_post_layout":"","_kad_post_sidebar_id":"","_kad_post_content_style":"","_kad_post_vertical_padding":"","_kad_post_feature":"","_kad_post_feature_position":"","_kad_post_header":false,"_kad_post_footer":false,"footnotes":""},"categories":[11],"tags":[],"class_list":["post-8883","post","type-post","status-publish","format-standard","has-post-thumbnail","hentry","category-noticias"],"_links":{"self":[{"href":"https:\/\/consuladouy-bcn.es\/httpdocs\/wp-json\/wp\/v2\/posts\/8883","targetHints":{"allow":["GET"]}}],"collection":[{"href":"https:\/\/consuladouy-bcn.es\/httpdocs\/wp-json\/wp\/v2\/posts"}],"about":[{"href":"https:\/\/consuladouy-bcn.es\/httpdocs\/wp-json\/wp\/v2\/types\/post"}],"author":[{"embeddable":true,"href":"https:\/\/consuladouy-bcn.es\/httpdocs\/wp-json\/wp\/v2\/users\/6445"}],"replies":[{"embeddable":true,"href":"https:\/\/consuladouy-bcn.es\/httpdocs\/wp-json\/wp\/v2\/comments?post=8883"}],"version-history":[{"count":4,"href":"https:\/\/consuladouy-bcn.es\/httpdocs\/wp-json\/wp\/v2\/posts\/8883\/revisions"}],"predecessor-version":[{"id":14415,"href":"https:\/\/consuladouy-bcn.es\/httpdocs\/wp-json\/wp\/v2\/posts\/8883\/revisions\/14415"}],"wp:featuredmedia":[{"embeddable":true,"href":"https:\/\/consuladouy-bcn.es\/httpdocs\/wp-json\/wp\/v2\/media\/8764"}],"wp:attachment":[{"href":"https:\/\/consuladouy-bcn.es\/httpdocs\/wp-json\/wp\/v2\/media?parent=8883"}],"wp:term":[{"taxonomy":"category","embeddable":true,"href":"https:\/\/consuladouy-bcn.es\/httpdocs\/wp-json\/wp\/v2\/categories?post=8883"},{"taxonomy":"post_tag","embeddable":true,"href":"https:\/\/consuladouy-bcn.es\/httpdocs\/wp-json\/wp\/v2\/tags?post=8883"}],"curies":[{"name":"wp","href":"https:\/\/api.w.org\/{rel}","templated":true}]}}