{"id":14463,"date":"2026-09-03T19:40:28","date_gmt":"2026-09-03T17:40:28","guid":{"rendered":"https:\/\/consuladouy-bcn.es\/httpdocs\/?p=14463"},"modified":"2026-09-03T19:41:21","modified_gmt":"2026-09-03T17:41:21","slug":"clases-y-ensayos-del-proyecto-pericon-de-la-independencia-2026-3-a-edicion-en-barcelona","status":"publish","type":"post","link":"https:\/\/consuladouy-bcn.es\/httpdocs\/clases-y-ensayos-del-proyecto-pericon-de-la-independencia-2026-3-a-edicion-en-barcelona\/","title":{"rendered":"Clases y ensayos del Proyecto Peric\u00f3n de la Independencia 2026 \u2013 3.\u00aa Edici\u00f3n en Barcelona"},"content":{"rendered":"\t\t<div data-elementor-type=\"wp-post\" data-elementor-id=\"14463\" class=\"elementor elementor-14463\" data-elementor-post-type=\"post\">\n\t\t\t\t<div class=\"elementor-element elementor-element-45feeb0 e-flex e-con-boxed e-con e-parent\" data-id=\"45feeb0\" data-element_type=\"container\" data-e-type=\"container\">\n\t\t\t\t\t<div class=\"e-con-inner\">\n\t\t\t\t<div class=\"elementor-element elementor-element-702d676 elementor-widget elementor-widget-text-editor\" data-id=\"702d676\" data-element_type=\"widget\" data-e-type=\"widget\" data-widget_type=\"text-editor.default\">\n\t\t\t\t<div class=\"elementor-widget-container\">\n\t\t\t\t\t\t\t\t\t\n<h3 class=\"wp-block-heading\"><\/h3>\n\t\t\t\t\t\t\t\t<\/div>\n\t\t\t\t<\/div>\n\t\t\t\t\t<\/div>\n\t\t\t\t<\/div>\n\t\t<div class=\"elementor-element elementor-element-3981cb1 e-flex e-con-boxed e-con e-parent\" data-id=\"3981cb1\" data-element_type=\"container\" data-e-type=\"container\">\n\t\t\t\t\t<div class=\"e-con-inner\">\n\t\t\t\t<div class=\"elementor-element elementor-element-7666bd0 elementor-widget elementor-widget-html\" data-id=\"7666bd0\" data-element_type=\"widget\" data-e-type=\"widget\" data-widget_type=\"html.default\">\n\t\t\t\t<div class=\"elementor-widget-container\">\n\t\t\t\t\t<!-- Im\u00e1genes del evento -->\r\n<div style=\"text-align: center; margin-bottom: 25px;\">\r\n    <img decoding=\"async\" src=\"https:\/\/consuladouy-bcn.es\/wp-content\/uploads\/2026\/09\/FINAL-EL-CEIBODoc1-scaled.jpg\" alt=\"Proyecto Peric\u00f3n de la Independencia 2026 - Taller El Ceibo\" style=\"max-width: 100%; height: auto; border-radius: 8px; box-shadow: 0 4px 8px rgba(0,0,0,0.1); margin-bottom: 15px;\" \/><br \/>\r\n    <img decoding=\"async\" src=\"https:\/\/consuladouy-bcn.es\/wp-content\/uploads\/2026\/09\/PERICON-ENSAYOS-scaled.jpg\" alt=\"Convocatoria Ensayos Peric\u00f3n Nacional 2026 en Barcelona\" style=\"max-width: 100%; height: auto; border-radius: 8px; box-shadow: 0 4px 8px rgba(0,0,0,0.1);\" \/>\r\n<\/div>\r\n\r\n\r\n<!-- Presentaci\u00f3n -->\r\n<p>El Consulado General del Uruguay en Barcelona invita a la comunidad a sumarse a los talleres y clases preparatorias de la <strong>3.\u00aa Edici\u00f3n del Proyecto \"Peric\u00f3n de la Independencia 2026\"<\/strong>, en el marco de la conmemoraci\u00f3n de los 201 a\u00f1os de la Independencia de la Rep\u00fablica Oriental del Uruguay.<\/p>\r\n\r\n<p>Esta iniciativa, organizada por el Taller de Danzas Tradicionales <strong>\"El Ceibo\"<\/strong> y la <strong>Asociaci\u00f3n Uruguayo-Catalana \"Los Botijas\"<\/strong>, busca mantener viva nuestra danza tradicional, promover el encuentro intergeneracional e intercultural y proyectar nuestra identidad hacia la sociedad de acogida.<\/p>\r\n\r\n<p>La convocatoria est\u00e1 abierta a uruguayos\/as, argentinos\/as y a todas las personas interesadas en participar y aprender nuestras danzas tradicionales.<\/p>\r\n\r\n<hr style=\"border: none; border-top: 1px solid #eee; margin: 25px 0;\" \/>\r\n\r\n<!-- Detalles de Ensayos y Clases -->\r\n<h2>Clases y Ensayos<\/h2>\r\n\r\n<p>\r\n    \ud83d\uddd3 <strong>D\u00edas:<\/strong> Todos los viernes<br \/>\r\n    \u23f0 <strong>Horario:<\/strong> A partir de las 18:30 \/ 19:00 hs<br \/>\r\n    \ud83d\udccd <strong>Lugar:<\/strong> Espacio de Entidades \u201cRac\u00f3 de Paraguai\u201d (Sala de Ensayos) \u2014 Carrer Paraguai 11-13, Local 3-8, Sant Mart\u00ed (08020 Barcelona)\r\n<\/p>\r\n\r\n<hr style=\"border: none; border-top: 1px solid #eee; margin: 25px 0;\" \/>\r\n\r\n<!-- Pr\u00f3ximas Presentaciones -->\r\n<h2>Pr\u00f3ximas Presentaciones<\/h2>\r\n\r\n<p>El grupo se presentar\u00e1 en diversos puntos emblem\u00e1ticos de la ciudad:<\/p>\r\n<ul>\r\n    <li><strong>Domingo 26 de septiembre:<\/strong> Parque de la Oreneta (frente al Busto a Jos\u00e9 G. Artigas), Arco de Triunfo e Iglesia Sant Mart\u00ed de Proven\u00e7als.<\/li>\r\n<\/ul>\r\n\r\n<hr style=\"border: none; border-top: 1px solid #eee; margin: 25px 0;\" \/>\r\n\r\n<!-- Informaci\u00f3n de Contacto -->\r\n<h2>Informaci\u00f3n e Inscripciones<\/h2>\r\n\r\n<p>\r\n    <strong>Organizan:<\/strong> Taller de Danzas Tradicionales \"El Ceibo\" y Asociaci\u00f3n Uruguayo-Catalana \"Los Botijas\"<br \/>\r\n    \ud83d\udcde <strong>Tel\u00e9fono \/ WhatsApp:<\/strong> <a href=\"tel:+34630230772\">630 230 772<\/a>\r\n<\/p>\t\t\t\t<\/div>\n\t\t\t\t<\/div>\n\t\t\t\t\t<\/div>\n\t\t\t\t<\/div>\n\t\t\t\t<\/div>\n\t\t","protected":false},"excerpt":{"rendered":"<p>El Consulado General del Uruguay en Barcelona invita a la comunidad a sumarse a los talleres y clases preparatorias de la 3.\u00aa Edici\u00f3n del Proyecto \u00abPeric\u00f3n de la Independencia 2026\u00bb, en el marco de la conmemoraci\u00f3n de los 201 a\u00f1os de la Independencia de la Rep\u00fablica Oriental del Uruguay. Esta iniciativa, organizada por el Taller&#8230;<\/p>\n","protected":false},"author":6445,"featured_media":14462,"comment_status":"closed","ping_status":"closed","sticky":false,"template":"","format":"standard","meta":{"_kad_post_transparent":"","_kad_post_title":"","_kad_post_layout":"","_kad_post_sidebar_id":"","_kad_post_content_style":"","_kad_post_vertical_padding":"","_kad_post_feature":"","_kad_post_feature_position":"","_kad_post_header":false,"_kad_post_footer":false,"footnotes":""},"categories":[65],"tags":[],"class_list":["post-14463","post","type-post","status-publish","format-standard","has-post-thumbnail","hentry","category-eventos"],"_links":{"self":[{"href":"https:\/\/consuladouy-bcn.es\/httpdocs\/wp-json\/wp\/v2\/posts\/14463","targetHints":{"allow":["GET"]}}],"collection":[{"href":"https:\/\/consuladouy-bcn.es\/httpdocs\/wp-json\/wp\/v2\/posts"}],"about":[{"href":"https:\/\/consuladouy-bcn.es\/httpdocs\/wp-json\/wp\/v2\/types\/post"}],"author":[{"embeddable":true,"href":"https:\/\/consuladouy-bcn.es\/httpdocs\/wp-json\/wp\/v2\/users\/6445"}],"replies":[{"embeddable":true,"href":"https:\/\/consuladouy-bcn.es\/httpdocs\/wp-json\/wp\/v2\/comments?post=14463"}],"version-history":[{"count":4,"href":"https:\/\/consuladouy-bcn.es\/httpdocs\/wp-json\/wp\/v2\/posts\/14463\/revisions"}],"predecessor-version":[{"id":14467,"href":"https:\/\/consuladouy-bcn.es\/httpdocs\/wp-json\/wp\/v2\/posts\/14463\/revisions\/14467"}],"wp:featuredmedia":[{"embeddable":true,"href":"https:\/\/consuladouy-bcn.es\/httpdocs\/wp-json\/wp\/v2\/media\/14462"}],"wp:attachment":[{"href":"https:\/\/consuladouy-bcn.es\/httpdocs\/wp-json\/wp\/v2\/media?parent=14463"}],"wp:term":[{"taxonomy":"category","embeddable":true,"href":"https:\/\/consuladouy-bcn.es\/httpdocs\/wp-json\/wp\/v2\/categories?post=14463"},{"taxonomy":"post_tag","embeddable":true,"href":"https:\/\/consuladouy-bcn.es\/httpdocs\/wp-json\/wp\/v2\/tags?post=14463"}],"curies":[{"name":"wp","href":"https:\/\/api.w.org\/{rel}","templated":true}]}}