{"id":14441,"date":"2026-09-03T00:48:24","date_gmt":"2026-09-02T22:48:24","guid":{"rendered":"https:\/\/consuladouy-bcn.es\/httpdocs\/?p=14441"},"modified":"2026-09-03T00:49:48","modified_gmt":"2026-09-02T22:49:48","slug":"festival-musical-uruguayo-en-barcelona-26-de-setiembre","status":"publish","type":"post","link":"https:\/\/consuladouy-bcn.es\/httpdocs\/festival-musical-uruguayo-en-barcelona-26-de-setiembre\/","title":{"rendered":"Festival Musical Uruguayo en Barcelona \u2013 26 de Setiembre"},"content":{"rendered":"\t\t<div data-elementor-type=\"wp-post\" data-elementor-id=\"14441\" class=\"elementor elementor-14441\" data-elementor-post-type=\"post\">\n\t\t\t\t<div class=\"elementor-element elementor-element-d160117 e-flex e-con-boxed e-con e-parent\" data-id=\"d160117\" data-element_type=\"container\" data-e-type=\"container\">\n\t\t\t\t\t<div class=\"e-con-inner\">\n\t\t\t\t<div class=\"elementor-element elementor-element-1319188 elementor-widget elementor-widget-html\" data-id=\"1319188\" data-element_type=\"widget\" data-e-type=\"widget\" data-widget_type=\"html.default\">\n\t\t\t\t<div class=\"elementor-widget-container\">\n\t\t\t\t\t<div style=\"max-width: 800px; margin: 0 auto; font-family: Arial, sans-serif; line-height: 1.6; color: #333;\">\r\n\r\n    <!-- AFICHE DEL EVENTO -->\r\n    <div style=\"text-align: center; margin-bottom: 25px;\">\r\n        <img decoding=\"async\" src=\"https:\/\/consuladouy-bcn.es\/wp-content\/uploads\/2026\/09\/PHOTO-2026-09-02-19-34-14.jpg\" alt=\"Festival Musical Uruguayo en Barcelona\" style=\"max-width: 100%; height: auto; border-radius: 8px; box-shadow: 0 4px 10px rgba(0,0,0,0.15);\">\r\n    <\/div>\r\n\r\n    <!-- DESCRIPCI\u00d3N DEL EVENTO -->\r\n    <p style=\"font-size: 1.1em; text-align: justify;\">\r\n        El Consulado General del Uruguay en Barcelona difunde la realizaci\u00f3n del <strong>Festival Musical Uruguayo en Barcelona<\/strong>, un encuentro cultural para disfrutar de nuestras ra\u00edces y nuestra m\u00fasica.\r\n    <\/p>\r\n\r\n    <!-- DETALLES PRINCIPALES -->\r\n    <div style=\"background-color: #f8f9fa; padding: 20px; border-left: 5px solid #0056b3; margin: 20px 0; border-radius: 4px;\">\r\n        <ul style=\"list-style: none; padding-left: 0; margin: 0;\">\r\n            <li style=\"margin-bottom: 10px;\"><strong>\ud83d\udcc5 Fecha:<\/strong> S\u00e1bado, 26 de setiembre de 2026<\/li>\r\n            <li style=\"margin-bottom: 10px;\"><strong>\u23f0 Horario:<\/strong> De 20:00 a 00:00 hs<\/li>\r\n            <li style=\"margin-bottom: 10px;\"><strong>\ud83d\udccd Lugar:<\/strong> C\u00edrculo de Tenis de L'Hospitalet (Cam\u00ed Pau Red\u00f3, 10)<\/li>\r\n            <li style=\"margin-bottom: 10px;\"><strong>\ud83e\udd69 Servicios:<\/strong> Servicio de cantina y parrilla con gastronom\u00eda uruguaya<\/li>\r\n            <li style=\"margin-bottom: 0;\"><strong>\ud83d\ude97 Parking:<\/strong> Gratuito<\/li>\r\n        <\/ul>\r\n    <\/div>\r\n\r\n    <!-- ARTISTAS INVITADOS -->\r\n    <p><strong>Artistas en vivo:<\/strong><\/p>\r\n    <ul>\r\n        <li>Diego Berardi<\/li>\r\n        <li>Voces Sin Fronteras<\/li>\r\n        <li>Los Garbanzo<\/li>\r\n        <li>La Kalunga Candombe<\/li>\r\n    <\/ul>\r\n\r\n    <!-- INFORMACI\u00d3N DE ENTRADAS -->\r\n    <div style=\"background-color: #e9ecef; padding: 15px 20px; border-radius: 6px; margin: 20px 0;\">\r\n        <p style=\"margin: 0 0 10px 0;\"><strong>\ud83c\udf9f\ufe0f Entradas:<\/strong><\/p>\r\n        <ul style=\"margin: 0; padding-left: 20px;\">\r\n            <li>Anticipadas: <strong>\u20ac12<\/strong><\/li>\r\n            <li>En taquilla: <strong>\u20ac15<\/strong><\/li>\r\n        <\/ul>\r\n        <p style=\"margin-top: 10px; margin-bottom: 0;\"><strong>Reserva de entradas (WhatsApp):<\/strong> 641 799 076<\/p>\r\n    <\/div>\r\n\r\n    <!-- VIDEO PROMOCIONAL -->\r\n    <p style=\"margin-top: 30px;\"><strong>Video promocional:<\/strong><\/p>\r\n    <div style=\"text-align: center; margin-bottom: 20px;\">\r\n        <video controls style=\"max-width: 100%; height: auto; border-radius: 8px;\">\r\n            <source src=\"https:\/\/consuladouy-bcn.es\/wp-content\/uploads\/2026\/09\/VIDEO-2026-09-02-19-34-14.mp4\" type=\"video\/mp4\">\r\n            Tu navegador no soporta la reproducci\u00f3n de video.\r\n        <\/video>\r\n    <\/div>\r\n\r\n<\/div>\t\t\t\t<\/div>\n\t\t\t\t<\/div>\n\t\t\t\t\t<\/div>\n\t\t\t\t<\/div>\n\t\t\t\t<\/div>\n\t\t","protected":false},"excerpt":{"rendered":"<p>El Consulado General del Uruguay en Barcelona difunde la realizaci\u00f3n del Festival Musical Uruguayo en Barcelona, un encuentro cultural para disfrutar de nuestras ra\u00edces y nuestra m\u00fasica. \ud83d\udcc5 Fecha: S\u00e1bado, 26 de setiembre de 2026 \u23f0 Horario: De 20:00 a 00:00 hs \ud83d\udccd Lugar: C\u00edrculo de Tenis de L&#8217;Hospitalet (Cam\u00ed Pau Red\u00f3, 10) \ud83e\udd69 Servicios:&#8230;<\/p>\n","protected":false},"author":6445,"featured_media":14443,"comment_status":"closed","ping_status":"closed","sticky":false,"template":"","format":"standard","meta":{"_kad_post_transparent":"","_kad_post_title":"","_kad_post_layout":"","_kad_post_sidebar_id":"","_kad_post_content_style":"","_kad_post_vertical_padding":"","_kad_post_feature":"","_kad_post_feature_position":"","_kad_post_header":false,"_kad_post_footer":false,"footnotes":""},"categories":[65],"tags":[],"class_list":["post-14441","post","type-post","status-publish","format-standard","has-post-thumbnail","hentry","category-eventos"],"_links":{"self":[{"href":"https:\/\/consuladouy-bcn.es\/httpdocs\/wp-json\/wp\/v2\/posts\/14441","targetHints":{"allow":["GET"]}}],"collection":[{"href":"https:\/\/consuladouy-bcn.es\/httpdocs\/wp-json\/wp\/v2\/posts"}],"about":[{"href":"https:\/\/consuladouy-bcn.es\/httpdocs\/wp-json\/wp\/v2\/types\/post"}],"author":[{"embeddable":true,"href":"https:\/\/consuladouy-bcn.es\/httpdocs\/wp-json\/wp\/v2\/users\/6445"}],"replies":[{"embeddable":true,"href":"https:\/\/consuladouy-bcn.es\/httpdocs\/wp-json\/wp\/v2\/comments?post=14441"}],"version-history":[{"count":4,"href":"https:\/\/consuladouy-bcn.es\/httpdocs\/wp-json\/wp\/v2\/posts\/14441\/revisions"}],"predecessor-version":[{"id":14447,"href":"https:\/\/consuladouy-bcn.es\/httpdocs\/wp-json\/wp\/v2\/posts\/14441\/revisions\/14447"}],"wp:featuredmedia":[{"embeddable":true,"href":"https:\/\/consuladouy-bcn.es\/httpdocs\/wp-json\/wp\/v2\/media\/14443"}],"wp:attachment":[{"href":"https:\/\/consuladouy-bcn.es\/httpdocs\/wp-json\/wp\/v2\/media?parent=14441"}],"wp:term":[{"taxonomy":"category","embeddable":true,"href":"https:\/\/consuladouy-bcn.es\/httpdocs\/wp-json\/wp\/v2\/categories?post=14441"},{"taxonomy":"post_tag","embeddable":true,"href":"https:\/\/consuladouy-bcn.es\/httpdocs\/wp-json\/wp\/v2\/tags?post=14441"}],"curies":[{"name":"wp","href":"https:\/\/api.w.org\/{rel}","templated":true}]}}