{"id":14011,"date":"2026-04-29T14:14:01","date_gmt":"2026-04-29T12:14:01","guid":{"rendered":"https:\/\/consuladouy-bcn.es\/httpdocs\/?p=14011"},"modified":"2026-04-29T14:15:14","modified_gmt":"2026-04-29T12:15:14","slug":"convocatoria-de-becas-iii-edicion-campus-iberoamericano-origenes-asturias-2026","status":"publish","type":"post","link":"https:\/\/consuladouy-bcn.es\/httpdocs\/convocatoria-de-becas-iii-edicion-campus-iberoamericano-origenes-asturias-2026\/","title":{"rendered":"Convocatoria de Becas: III Edici\u00f3n Campus Iberoamericano \u00abOr\u00edgenes\u00bb (Asturias 2026)"},"content":{"rendered":"\t\t<div data-elementor-type=\"wp-post\" data-elementor-id=\"14011\" class=\"elementor elementor-14011\" data-elementor-post-type=\"post\">\n\t\t\t\t<div class=\"elementor-element elementor-element-572a7f76 e-flex e-con-boxed e-con e-parent\" data-id=\"572a7f76\" data-element_type=\"container\" data-e-type=\"container\">\n\t\t\t\t\t<div class=\"e-con-inner\">\n\t\t\t\t<div class=\"elementor-element elementor-element-11d215 elementor-widget elementor-widget-text-editor\" data-id=\"11d215\" data-element_type=\"widget\" data-e-type=\"widget\" data-widget_type=\"text-editor.default\">\n\t\t\t\t<div class=\"elementor-widget-container\">\n\t\t\t\t\t\t\t\t\t\n<h3 class=\"wp-block-heading\"><\/h3>\n\t\t\t\t\t\t\t\t<\/div>\n\t\t\t\t<\/div>\n\t\t\t\t\t<\/div>\n\t\t\t\t<\/div>\n\t\t<div class=\"elementor-element elementor-element-72cdc51 e-flex e-con-boxed e-con e-parent\" data-id=\"72cdc51\" data-element_type=\"container\" data-e-type=\"container\">\n\t\t\t\t\t<div class=\"e-con-inner\">\n\t\t\t\t<div class=\"elementor-element elementor-element-5092230 elementor-widget elementor-widget-html\" data-id=\"5092230\" data-element_type=\"widget\" data-e-type=\"widget\" data-widget_type=\"html.default\">\n\t\t\t\t<div class=\"elementor-widget-container\">\n\t\t\t\t\t<div style=\"font-family: Arial, sans-serif; color: #333; line-height: 1.5; max-width: 700px; margin: auto;\">\r\n    \r\n    <h2 style=\"color: #003366; border-bottom: 2px solid #003366;\">Becas Campus Iberoamericano \"Or\u00edgenes\" 2026<\/h2>\r\n\r\n    <p>Se comunica la apertura de la convocatoria para j\u00f3venes descendientes de asturianos interesados en participar en la tercera edici\u00f3n del <b>Campus Or\u00edgenes<\/b>, a realizarse en el Principado de Asturias.<\/p>\r\n\r\n    <p><b>Datos clave:<\/b><\/p>\r\n    <ul>\r\n        <li><b>Fecha:<\/b> Del 22 al 26 de junio de 2026.<\/li>\r\n        <li><b>Plazo para inscribirse:<\/b> Hasta el 10 de mayo de 2026.<\/li>\r\n        <li><b>Sede:<\/b> Asturias, Espa\u00f1a.<\/li>\r\n    <\/ul>\r\n\r\n    <p><b>La beca incluye:<\/b> Transporte interno, alojamiento en media pensi\u00f3n, excursiones, talleres culturales y seguro m\u00e9dico.<\/p>\r\n\r\n    <p><b>Inscripciones:<\/b><br>\r\n    Los interesados deben completar el formulario en el siguiente enlace:<br>\r\n    <a href=\"https:\/\/forms.gle\/nEh7iUJxEg5zGRUZ8\" target=\"_blank\" style=\"color: #0056b3; font-weight: bold;\">Formulario de Inscripci\u00f3n Oficial<\/a><\/p>\r\n\r\n    <p><b>Consultas:<\/b> <a href=\"mailto:comunicacion@asicom.org\">comunicacion@asicom.org<\/a><\/p>\r\n\r\n    <hr>\r\n   \r\n\r\n<\/div>\t\t\t\t<\/div>\n\t\t\t\t<\/div>\n\t\t\t\t\t<\/div>\n\t\t\t\t<\/div>\n\t\t\t\t<\/div>\n\t\t","protected":false},"excerpt":{"rendered":"<p>Becas Campus Iberoamericano \u00abOr\u00edgenes\u00bb 2026 Se comunica la apertura de la convocatoria para j\u00f3venes descendientes de asturianos interesados en participar en la tercera edici\u00f3n del Campus Or\u00edgenes, a realizarse en el Principado de Asturias. Datos clave: Fecha: Del 22 al 26 de junio de 2026. Plazo para inscribirse: Hasta el 10 de mayo de 2026&#8230;.<\/p>\n","protected":false},"author":6445,"featured_media":14012,"comment_status":"closed","ping_status":"closed","sticky":false,"template":"","format":"standard","meta":{"_kad_post_transparent":"","_kad_post_title":"","_kad_post_layout":"","_kad_post_sidebar_id":"","_kad_post_content_style":"","_kad_post_vertical_padding":"","_kad_post_feature":"","_kad_post_feature_position":"","_kad_post_header":false,"_kad_post_footer":false,"footnotes":""},"categories":[72],"tags":[],"class_list":["post-14011","post","type-post","status-publish","format-standard","has-post-thumbnail","hentry","category-convocatoria"],"_links":{"self":[{"href":"https:\/\/consuladouy-bcn.es\/httpdocs\/wp-json\/wp\/v2\/posts\/14011","targetHints":{"allow":["GET"]}}],"collection":[{"href":"https:\/\/consuladouy-bcn.es\/httpdocs\/wp-json\/wp\/v2\/posts"}],"about":[{"href":"https:\/\/consuladouy-bcn.es\/httpdocs\/wp-json\/wp\/v2\/types\/post"}],"author":[{"embeddable":true,"href":"https:\/\/consuladouy-bcn.es\/httpdocs\/wp-json\/wp\/v2\/users\/6445"}],"replies":[{"embeddable":true,"href":"https:\/\/consuladouy-bcn.es\/httpdocs\/wp-json\/wp\/v2\/comments?post=14011"}],"version-history":[{"count":10,"href":"https:\/\/consuladouy-bcn.es\/httpdocs\/wp-json\/wp\/v2\/posts\/14011\/revisions"}],"predecessor-version":[{"id":14022,"href":"https:\/\/consuladouy-bcn.es\/httpdocs\/wp-json\/wp\/v2\/posts\/14011\/revisions\/14022"}],"wp:featuredmedia":[{"embeddable":true,"href":"https:\/\/consuladouy-bcn.es\/httpdocs\/wp-json\/wp\/v2\/media\/14012"}],"wp:attachment":[{"href":"https:\/\/consuladouy-bcn.es\/httpdocs\/wp-json\/wp\/v2\/media?parent=14011"}],"wp:term":[{"taxonomy":"category","embeddable":true,"href":"https:\/\/consuladouy-bcn.es\/httpdocs\/wp-json\/wp\/v2\/categories?post=14011"},{"taxonomy":"post_tag","embeddable":true,"href":"https:\/\/consuladouy-bcn.es\/httpdocs\/wp-json\/wp\/v2\/tags?post=14011"}],"curies":[{"name":"wp","href":"https:\/\/api.w.org\/{rel}","templated":true}]}}