{"id":13999,"date":"2026-04-29T12:33:22","date_gmt":"2026-04-29T10:33:22","guid":{"rendered":"https:\/\/consuladouy-bcn.es\/httpdocs\/?p=13999"},"modified":"2026-04-29T12:37:18","modified_gmt":"2026-04-29T10:37:18","slug":"convocatoria-de-ponencias-academicas-congreso-latino-europeo-de-moda-y-regeneracion-barcelona-2026","status":"publish","type":"post","link":"https:\/\/consuladouy-bcn.es\/httpdocs\/convocatoria-de-ponencias-academicas-congreso-latino-europeo-de-moda-y-regeneracion-barcelona-2026\/","title":{"rendered":"Convocatoria de Ponencias Acad\u00e9micas: Congreso Latino-Europeo de Moda y Regeneraci\u00f3n (Barcelona 2026)"},"content":{"rendered":"\t\t<div data-elementor-type=\"wp-post\" data-elementor-id=\"13999\" class=\"elementor elementor-13999\" data-elementor-post-type=\"post\">\n\t\t\t\t<div class=\"elementor-element elementor-element-9f579db e-flex e-con-boxed e-con e-parent\" data-id=\"9f579db\" data-element_type=\"container\" data-e-type=\"container\">\n\t\t\t\t\t<div class=\"e-con-inner\">\n\t\t<div class=\"elementor-element elementor-element-a554dac e-con-full e-flex e-con e-child\" data-id=\"a554dac\" data-element_type=\"container\" data-e-type=\"container\">\n\t\t\t\t<div class=\"elementor-element elementor-element-52512c7 elementor-widget elementor-widget-html\" data-id=\"52512c7\" data-element_type=\"widget\" data-e-type=\"widget\" data-widget_type=\"html.default\">\n\t\t\t\t<div class=\"elementor-widget-container\">\n\t\t\t\t\t<div style=\"font-family: 'Helvetica Neue', Helvetica, Arial, sans-serif; line-height: 1.6; color: #333; border: 1px solid #e0e0e0; padding: 30px; border-radius: 5px; max-width: 850px; margin: 20px auto; background-color: #ffffff;\">\r\n    \r\n    <h2 style=\"color: #004a99; border-bottom: 2px solid #004a99; padding-bottom: 10px; margin-top: 0;\">Congreso Latino-Europeo de Moda y Regeneraci\u00f3n<\/h2>\r\n    \r\n    <p>Se comunica a la comunidad acad\u00e9mica que se encuentra abierta la convocatoria para la presentaci\u00f3n de ponencias en el marco del <strong>Congreso Latino-Europeo de Moda y Regeneraci\u00f3n<\/strong>, organizado por Universo MOLA.<\/p>\r\n    \r\n    <div style=\"background-color: #f8f9fa; padding: 20px; border-left: 4px solid #004a99; margin: 25px 0;\">\r\n        <p style=\"margin: 5px 0;\"><strong>\ud83d\udccd Sede:<\/strong> Barcelona, Espa\u00f1a<\/p>\r\n        <p style=\"margin: 5px 0;\"><strong>\ud83d\udcc5 Fecha del evento:<\/strong> 4 y 5 de noviembre de 2026<\/p>\r\n        <p style=\"margin: 5px 0;\"><strong>\u26a0\ufe0f Plazo de postulaci\u00f3n:<\/strong> Hasta el 1 de junio de 2026<\/p>\r\n    <\/div>\r\n\r\n    <p>La convocatoria est\u00e1 dirigida a acad\u00e9micos\/as vinculados a instituciones educativas de Europa y Am\u00e9rica Latina, centrada en los ejes tem\u00e1ticos de <em>dise\u00f1o regenerativo<\/em> y la <em>ancestralidad como tecnolog\u00eda del futuro<\/em>.<\/p>\r\n\r\n    <h3 style=\"color: #004a99; margin-top: 30px;\">Documentaci\u00f3n y Enlaces de Inter\u00e9s<\/h3>\r\n    \r\n    <div style=\"display: flex; flex-wrap: wrap; gap: 20px; margin-top: 15px;\">\r\n        <div style=\"flex: 1; min-width: 280px; padding: 15px; border: 1px solid #eee; border-radius: 4px;\">\r\n            <h4 style=\"margin-top: 0; color: #444;\">Versi\u00f3n en Espa\u00f1ol<\/h4>\r\n            <ul style=\"list-style-type: none; padding-left: 0;\">\r\n                <li style=\"margin-bottom: 10px;\">\ud83d\udcc4 <a href=\"https:\/\/bit.ly\/41YNPJm\" target=\"_blank\" style=\"color: #004a99; text-decoration: none; font-weight: bold;\">Descargar Bases (PDF)<\/a><\/li>\r\n                <li>\ud83d\udcdd <a href=\"https:\/\/forms.gle\/fs75HpskduuGegkT8\" target=\"_blank\" style=\"color: #004a99; text-decoration: none; font-weight: bold;\">Formulario de Postulaci\u00f3n<\/a><\/li>\r\n            <\/ul>\r\n        <\/div>\r\n        \r\n        <div style=\"flex: 1; min-width: 280px; padding: 15px; border: 1px solid #eee; border-radius: 4px;\">\r\n            <h4 style=\"margin-top: 0; color: #444;\">English Version<\/h4>\r\n            <ul style=\"list-style-type: none; padding-left: 0;\">\r\n                <li style=\"margin-bottom: 10px;\">\ud83d\udcc4 <a href=\"https:\/\/drive.google.com\/file\/d\/1TUA868cvvuYeBsiDmc0uqrAgdwRTN_gP\/view?usp=share_link\" target=\"_blank\" style=\"color: #004a99; text-decoration: none; font-weight: bold;\">Terms and Conditions (PDF)<\/a><\/li>\r\n                <li>\ud83d\udcdd <a href=\"https:\/\/forms.gle\/fs75HpskduuGegkT8\" target=\"_blank\" style=\"color: #004a99; text-decoration: none; font-weight: bold;\">Application Form<\/a><\/li>\r\n            <\/ul>\r\n        <\/div>\r\n    <\/div>\r\n\r\n    <hr style=\"border: 0; border-top: 1px solid #eee; margin: 30px 0;\">\r\n    \r\n<\/div>\t\t\t\t<\/div>\n\t\t\t\t<\/div>\n\t\t\t\t<\/div>\n\t\t\t\t\t<\/div>\n\t\t\t\t<\/div>\n\t\t\t\t<\/div>\n\t\t","protected":false},"excerpt":{"rendered":"<p>Congreso Latino-Europeo de Moda y Regeneraci\u00f3n Se comunica a la comunidad acad\u00e9mica que se encuentra abierta la convocatoria para la presentaci\u00f3n de ponencias en el marco del Congreso Latino-Europeo de Moda y Regeneraci\u00f3n, organizado por Universo MOLA. \ud83d\udccd Sede: Barcelona, Espa\u00f1a \ud83d\udcc5 Fecha del evento: 4 y 5 de noviembre de 2026 \u26a0\ufe0f Plazo de&#8230;<\/p>\n","protected":false},"author":6445,"featured_media":14000,"comment_status":"closed","ping_status":"closed","sticky":false,"template":"","format":"standard","meta":{"_kad_post_transparent":"","_kad_post_title":"","_kad_post_layout":"","_kad_post_sidebar_id":"","_kad_post_content_style":"","_kad_post_vertical_padding":"","_kad_post_feature":"","_kad_post_feature_position":"","_kad_post_header":false,"_kad_post_footer":false,"footnotes":""},"categories":[72],"tags":[],"class_list":["post-13999","post","type-post","status-publish","format-standard","has-post-thumbnail","hentry","category-convocatoria"],"_links":{"self":[{"href":"https:\/\/consuladouy-bcn.es\/httpdocs\/wp-json\/wp\/v2\/posts\/13999","targetHints":{"allow":["GET"]}}],"collection":[{"href":"https:\/\/consuladouy-bcn.es\/httpdocs\/wp-json\/wp\/v2\/posts"}],"about":[{"href":"https:\/\/consuladouy-bcn.es\/httpdocs\/wp-json\/wp\/v2\/types\/post"}],"author":[{"embeddable":true,"href":"https:\/\/consuladouy-bcn.es\/httpdocs\/wp-json\/wp\/v2\/users\/6445"}],"replies":[{"embeddable":true,"href":"https:\/\/consuladouy-bcn.es\/httpdocs\/wp-json\/wp\/v2\/comments?post=13999"}],"version-history":[{"count":10,"href":"https:\/\/consuladouy-bcn.es\/httpdocs\/wp-json\/wp\/v2\/posts\/13999\/revisions"}],"predecessor-version":[{"id":14010,"href":"https:\/\/consuladouy-bcn.es\/httpdocs\/wp-json\/wp\/v2\/posts\/13999\/revisions\/14010"}],"wp:featuredmedia":[{"embeddable":true,"href":"https:\/\/consuladouy-bcn.es\/httpdocs\/wp-json\/wp\/v2\/media\/14000"}],"wp:attachment":[{"href":"https:\/\/consuladouy-bcn.es\/httpdocs\/wp-json\/wp\/v2\/media?parent=13999"}],"wp:term":[{"taxonomy":"category","embeddable":true,"href":"https:\/\/consuladouy-bcn.es\/httpdocs\/wp-json\/wp\/v2\/categories?post=13999"},{"taxonomy":"post_tag","embeddable":true,"href":"https:\/\/consuladouy-bcn.es\/httpdocs\/wp-json\/wp\/v2\/tags?post=13999"}],"curies":[{"name":"wp","href":"https:\/\/api.w.org\/{rel}","templated":true}]}}