{"id":13973,"date":"2026-04-23T16:12:40","date_gmt":"2026-04-23T14:12:40","guid":{"rendered":"https:\/\/consuladouy-bcn.es\/httpdocs\/?p=13973"},"modified":"2026-04-23T16:15:01","modified_gmt":"2026-04-23T14:15:01","slug":"proceso-de-regularizacion-extraordinaria-2026-informacion-y-requisitos","status":"publish","type":"post","link":"https:\/\/consuladouy-bcn.es\/httpdocs\/proceso-de-regularizacion-extraordinaria-2026-informacion-y-requisitos\/","title":{"rendered":"Proceso de Regularizaci\u00f3n Extraordinaria 2026: Informaci\u00f3n y Requisitos"},"content":{"rendered":"\t\t<div data-elementor-type=\"wp-post\" data-elementor-id=\"13973\" class=\"elementor elementor-13973\" data-elementor-post-type=\"post\">\n\t\t\t\t<div class=\"elementor-element elementor-element-56c7b25b e-flex e-con-boxed e-con e-parent\" data-id=\"56c7b25b\" data-element_type=\"container\" data-e-type=\"container\">\n\t\t\t\t\t<div class=\"e-con-inner\">\n\t\t\t\t<div class=\"elementor-element elementor-element-2d2ebdaf elementor-widget elementor-widget-text-editor\" data-id=\"2d2ebdaf\" data-element_type=\"widget\" data-e-type=\"widget\" data-widget_type=\"text-editor.default\">\n\t\t\t\t<div class=\"elementor-widget-container\">\n\t\t\t\t\t\t\t\t\t\n<h3 class=\"wp-block-heading\"><\/h3>\n\n\n\n<p><\/p>\n\t\t\t\t\t\t\t\t<\/div>\n\t\t\t\t<\/div>\n\t\t\t\t\t<\/div>\n\t\t\t\t<\/div>\n\t\t<div class=\"elementor-element elementor-element-2f604f8 e-flex e-con-boxed e-con e-parent\" data-id=\"2f604f8\" data-element_type=\"container\" data-e-type=\"container\">\n\t\t\t\t\t<div class=\"e-con-inner\">\n\t\t\t\t<div class=\"elementor-element elementor-element-b1455dd elementor-widget elementor-widget-html\" data-id=\"b1455dd\" data-element_type=\"widget\" data-e-type=\"widget\" data-widget_type=\"html.default\">\n\t\t\t\t<div class=\"elementor-widget-container\">\n\t\t\t\t\t<div class=\"regularizacion-2026-container\" style=\"font-family: Arial, sans-serif; line-height: 1.6; color: #333; border: 1px solid #e0e0e0; padding: 25px; border-radius: 8px; background-color: #f9f9f9;\">\r\n    \r\n    <h2 style=\"color: #004a99; border-bottom: 2px solid #004a99; padding-bottom: 10px;\">Proceso de Regularizaci\u00f3n Extraordinaria 2026<\/h2>\r\n    \r\n    <p>Se informa a la comunidad uruguaya residente que el Gobierno de Espa\u00f1a ha iniciado un proceso de <strong>regularizaci\u00f3n extraordinaria<\/strong> para personas extranjeras que se encuentren en territorio espa\u00f1ol.<\/p>\r\n\r\n    <div style=\"background-color: #fff; padding: 15px; border-left: 5px solid #004a99; margin: 20px 0;\">\r\n        <h3 style=\"margin-top: 0; color: #004a99;\">Informaci\u00f3n General del Proceso<\/h3>\r\n        <ul>\r\n            <li><strong>Portal Oficial:<\/strong> Toda la informaci\u00f3n y tr\u00e1mites est\u00e1n disponibles en <a href=\"https:\/\/inclusion.gob.es\/regularizacion\" target=\"_blank\" style=\"color: #004a99; text-decoration: underline;\">inclusion.gob.es\/regularizacion<\/a>.<\/li>\r\n            <li><strong>Plazo de solicitud:<\/strong> El plazo para ambas v\u00edas (telem\u00e1tica y presencial) estar\u00e1 abierto hasta el <strong>30 de junio de 2026<\/strong>.<\/li>\r\n            <li><strong>Requisitos principales:<\/strong> Encontrarse en Espa\u00f1a antes del 1 de enero de 2026 y acreditar una permanencia ininterrumpida de al menos cinco meses en el momento de la solicitud.<\/li>\r\n        <\/ul>\r\n    <\/div>\r\n\r\n    <div style=\"background-color: #eef6ff; padding: 15px; border: 1px solid #004a99; border-radius: 5px; margin: 20px 0;\">\r\n        <h3 style=\"margin-top: 0; color: #004a99;\">Certificado de Antecedentes Penales<\/h3>\r\n        <p>Para este proceso es necesario presentar el <strong>Certificado de Antecedentes Penales<\/strong> expedido por las autoridades del pa\u00eds de origen. Si desea gestionarlo a trav\u00e9s de este Consulado, el procedimiento es el siguiente:<\/p>\r\n        <ul>\r\n            <li><strong>Inicio del tr\u00e1mite:<\/strong> Se realiza obligatoriamente de forma <strong>telem\u00e1tica<\/strong>.<\/li>\r\n            <li><strong>Retiro del documento:<\/strong> Una vez procesado, el documento se retira de forma <strong>personal<\/strong> en nuestra sede.<\/li>\r\n            <li><strong>Procedimiento detallado:<\/strong> Consulte los pasos y requisitos en el siguiente enlace: <a href=\"https:\/\/consuladouy-bcn.es\/httpdocs\/constancia-consular-antecedentes\/\" target=\"_blank\" style=\"color: #004a99; font-weight: bold;\">Instrucciones para Antecedentes Penales<\/a>.<\/li>\r\n        <\/ul>\r\n    <\/div>\r\n\r\n    <h3 style=\"color: #004a99;\">V\u00edas de Presentaci\u00f3n de la Regularizaci\u00f3n<\/h3>\r\n    <table style=\"width: 100%; border-collapse: collapse; margin-bottom: 20px;\">\r\n        <thead>\r\n            <tr style=\"background-color: #004a99; color: white;\">\r\n                <th style=\"padding: 10px; border: 1px solid #ddd; text-align: left;\">V\u00eda Telem\u00e1tica<\/th>\r\n                <th style=\"padding: 10px; border: 1px solid #ddd; text-align: left;\">V\u00eda Presencial<\/th>\r\n            <\/tr>\r\n        <\/thead>\r\n        <tbody>\r\n            <tr>\r\n                <td style=\"padding: 10px; border: 1px solid #ddd;\">Disponible las 24 horas del d\u00eda a trav\u00e9s de la web del Ministerio. Requiere certificado electr\u00f3nico o profesionales habilitados.<\/td>\r\n                <td style=\"padding: 10px; border: 1px solid #ddd;\">Requiere <strong>cita previa<\/strong>. La atenci\u00f3n presencial en oficinas habilitadas comenz\u00f3 el 20 de abril.<\/td>\r\n            <\/tr>\r\n        <\/tbody>\r\n    <\/table>\r\n\r\n    <h3 style=\"color: #004a99;\">Descarga de Documentaci\u00f3n Oficial<\/h3>\r\n    <div style=\"display: flex; flex-wrap: wrap; gap: 15px; margin-top: 15px;\">\r\n        <a href=\"https:\/\/consuladouy-bcn.es\/wp-content\/uploads\/2026\/04\/PREGUNTAS-Y-RESPUESTAS-2.pdf\" target=\"_blank\" style=\"background-color: #004a99; color: white; padding: 12px 20px; text-decoration: none; border-radius: 5px; font-weight: bold;\">Gu\u00eda de Preguntas y Respuestas (PDF)<\/a>\r\n        <a href=\"https:\/\/consuladouy-bcn.es\/wp-content\/uploads\/2026\/04\/Tarjeta-web-horizontal-Informacion-Idiomas-1.pdf\" target=\"_blank\" style=\"background-color: #444; color: white; padding: 12px 20px; text-decoration: none; border-radius: 5px; font-weight: bold;\">Informaci\u00f3n y C\u00f3digo QR<\/a>\r\n    <\/div>\r\n\r\n    <hr style=\"margin: 30px 0; border: 0; border-top: 1px solid #ccc;\">\r\n\r\n    <p style=\"font-style: italic; font-size: 0.9em;\">\r\n        Para dudas respecto al proceso, se ha habilitado el tel\u00e9fono <strong>060<\/strong> (atenci\u00f3n en espa\u00f1ol) y el correo electr\u00f3nico de la Subdelegaci\u00f3n en Barcelona: <a href=\"mailto:secretaria.sdgbcn@correo.gob.es\" style=\"color: #004a99;\">secretaria.sdgbcn@correo.gob.es<\/a>.\r\n    <\/p>\r\n<\/div>\t\t\t\t<\/div>\n\t\t\t\t<\/div>\n\t\t\t\t\t<\/div>\n\t\t\t\t<\/div>\n\t\t\t\t<\/div>\n\t\t","protected":false},"excerpt":{"rendered":"<p>Proceso de Regularizaci\u00f3n Extraordinaria 2026 Se informa a la comunidad uruguaya residente que el Gobierno de Espa\u00f1a ha iniciado un proceso de regularizaci\u00f3n extraordinaria para personas extranjeras que se encuentren en territorio espa\u00f1ol. Informaci\u00f3n General del Proceso Portal Oficial: Toda la informaci\u00f3n y tr\u00e1mites est\u00e1n disponibles en inclusion.gob.es\/regularizacion. Plazo de solicitud: El plazo para ambas&#8230;<\/p>\n","protected":false},"author":6445,"featured_media":13974,"comment_status":"closed","ping_status":"closed","sticky":false,"template":"","format":"standard","meta":{"_kad_post_transparent":"","_kad_post_title":"","_kad_post_layout":"","_kad_post_sidebar_id":"","_kad_post_content_style":"","_kad_post_vertical_padding":"","_kad_post_feature":"","_kad_post_feature_position":"","_kad_post_header":false,"_kad_post_footer":false,"footnotes":""},"categories":[11],"tags":[],"class_list":["post-13973","post","type-post","status-publish","format-standard","has-post-thumbnail","hentry","category-noticias"],"_links":{"self":[{"href":"https:\/\/consuladouy-bcn.es\/httpdocs\/wp-json\/wp\/v2\/posts\/13973","targetHints":{"allow":["GET"]}}],"collection":[{"href":"https:\/\/consuladouy-bcn.es\/httpdocs\/wp-json\/wp\/v2\/posts"}],"about":[{"href":"https:\/\/consuladouy-bcn.es\/httpdocs\/wp-json\/wp\/v2\/types\/post"}],"author":[{"embeddable":true,"href":"https:\/\/consuladouy-bcn.es\/httpdocs\/wp-json\/wp\/v2\/users\/6445"}],"replies":[{"embeddable":true,"href":"https:\/\/consuladouy-bcn.es\/httpdocs\/wp-json\/wp\/v2\/comments?post=13973"}],"version-history":[{"count":7,"href":"https:\/\/consuladouy-bcn.es\/httpdocs\/wp-json\/wp\/v2\/posts\/13973\/revisions"}],"predecessor-version":[{"id":13981,"href":"https:\/\/consuladouy-bcn.es\/httpdocs\/wp-json\/wp\/v2\/posts\/13973\/revisions\/13981"}],"wp:featuredmedia":[{"embeddable":true,"href":"https:\/\/consuladouy-bcn.es\/httpdocs\/wp-json\/wp\/v2\/media\/13974"}],"wp:attachment":[{"href":"https:\/\/consuladouy-bcn.es\/httpdocs\/wp-json\/wp\/v2\/media?parent=13973"}],"wp:term":[{"taxonomy":"category","embeddable":true,"href":"https:\/\/consuladouy-bcn.es\/httpdocs\/wp-json\/wp\/v2\/categories?post=13973"},{"taxonomy":"post_tag","embeddable":true,"href":"https:\/\/consuladouy-bcn.es\/httpdocs\/wp-json\/wp\/v2\/tags?post=13973"}],"curies":[{"name":"wp","href":"https:\/\/api.w.org\/{rel}","templated":true}]}}