{"id":13807,"date":"2026-03-17T12:43:57","date_gmt":"2026-03-17T11:43:57","guid":{"rendered":"https:\/\/consuladouy-bcn.es\/httpdocs\/?p=13807"},"modified":"2026-03-17T12:44:57","modified_gmt":"2026-03-17T11:44:57","slug":"oportunidad-ciclo-gratuito-de-emprendimiento-para-personas-en-desempleo-abril-2026","status":"publish","type":"post","link":"https:\/\/consuladouy-bcn.es\/httpdocs\/oportunidad-ciclo-gratuito-de-emprendimiento-para-personas-en-desempleo-abril-2026\/","title":{"rendered":"Oportunidad: Ciclo gratuito de emprendimiento para personas en desempleo (Abril 2026)"},"content":{"rendered":"\t\t<div data-elementor-type=\"wp-post\" data-elementor-id=\"13807\" class=\"elementor elementor-13807\" data-elementor-post-type=\"post\">\n\t\t\t\t<div class=\"elementor-element elementor-element-d97b5cc e-flex e-con-boxed e-con e-parent\" data-id=\"d97b5cc\" data-element_type=\"container\" data-e-type=\"container\">\n\t\t\t\t\t<div class=\"e-con-inner\">\n\t\t\t\t<div class=\"elementor-element elementor-element-aaaaefa elementor-widget elementor-widget-html\" data-id=\"aaaaefa\" data-element_type=\"widget\" data-e-type=\"widget\" data-widget_type=\"html.default\">\n\t\t\t\t<div class=\"elementor-widget-container\">\n\t\t\t\t\t<div style=\"font-family: Arial, sans-serif; line-height: 1.6; color: #333; max-width: 800px; margin: auto; border: 1px solid #e0e0e0; padding: 20px; border-radius: 8px;\">\r\n\r\n    <div style=\"text-align: center; margin-bottom: 25px;\">\r\n        <img decoding=\"async\" src=\"https:\/\/consuladouy-bcn.es\/wp-content\/uploads\/2026\/03\/Ciclo-talleres-2026-FB.png\" alt=\"Ciclo de Talleres Vives Emprende 2026\" style=\"max-width: 100%; height: auto; border-radius: 5px; box-shadow: 0 4px 8px rgba(0,0,0,0.1);\">\r\n    <\/div>\r\n\r\n    <h2 style=\"color: #0056b3; text-align: center; font-weight: normal;\">\ud83d\ude80 Nuevo ciclo de 8 talleres online para emprender<\/h2>\r\n    \r\n    <p>\u00bfTienes una idea y quieres emprender desde cero? La Fundaci\u00f3n Acci\u00f3n contra el Hambre lanza un nuevo ciclo pr\u00e1ctico y 100% gratuito para ayudarte a dar el salto profesional.<\/p>\r\n\r\n    <div style=\"background-color: #f9f9f9; padding: 15px; border-left: 5px solid #0056b3; margin: 20px 0;\">\r\n        \ud83d\udcc5 Fechas: Del 13 al 30 de abril de 2026<br>\r\n        \u23f0 Horario: De 10:00 h a 13:00 h<br>\r\n        \ud83d\udccd Formato: Online (V\u00eda Zoom\/Teams)\r\n    <\/div>\r\n\r\n    <h3>\u00bfQu\u00e9 aprender\u00e1s?<\/h3>\r\n    <ul>\r\n        <li>An\u00e1lisis de tu modelo de negocio y el problema que resuelves.<\/li>\r\n        <li>Definici\u00f3n de tu cliente ideal y comunicaci\u00f3n de marca.<\/li>\r\n        <li>Estrategias digitales de marketing e IA.<\/li>\r\n        <li>Finanzas b\u00e1sicas para asegurar la viabilidad de tu proyecto.<\/li>\r\n    <\/ul>\r\n\r\n    <h3>Requisitos para participar:<\/h3>\r\n    <p>El programa est\u00e1 dirigido a personas en situaci\u00f3n de desempleo con inter\u00e9s en emprender que cumplan alguno de estos perfiles:<\/p>\r\n    <ul>\r\n        <li>Estar inscrito como demandante de empleo (DARDO - SOC).<\/li>\r\n        <li>Ser persona migrante con NIE.<\/li>\r\n        <li>Ser desempleado de larga duraci\u00f3n o responsable de menor en solitario.<\/li>\r\n    <\/ul>\r\n\r\n    <hr style=\"border: 0; border-top: 1px solid #eee; margin: 25px 0;\">\r\n\r\n    <div style=\"text-align: center; margin-top: 30px;\">\r\n        <p style=\"font-size: 1.1em; margin-bottom: 20px;\">Plazas limitadas. Se realizar\u00e1 una valoraci\u00f3n previa de los candidatos.<\/p>\r\n        \r\n        <a href=\"https:\/\/accionsocial.accioncontraelhambre.org\/es\/programas-emprendimiento\/vives-emprende\" target=\"_blank\" style=\"background-color: #28a745; color: white; padding: 15px 25px; text-decoration: none; border-radius: 5px; display: inline-block; font-size: 18px;\">\ud83d\udc49 INSCRIBIRME AQU\u00cd<\/a>\r\n    <\/div>\r\n\r\n    <div style=\"margin-top: 30px; font-size: 0.9em; color: #666; background: #f4f4f4; padding: 15px; border-radius: 5px;\">\r\n        M\u00e1s informaci\u00f3n:<br>\r\n        \ud83d\udce7 <a href=\"mailto:fgil@accioncontraelhambre.org\">fgil@accioncontraelhambre.org<\/a> (F\u00e8lix Gil)<br>\r\n        \ud83d\udcde 681 397 473<br>\r\n        \ud83d\udccd C\/ Diputaci\u00f3 180, 3-B, Barcelona.\r\n    <\/div>\r\n<\/div>\t\t\t\t<\/div>\n\t\t\t\t<\/div>\n\t\t\t\t\t<\/div>\n\t\t\t\t<\/div>\n\t\t\t\t<\/div>\n\t\t","protected":false},"excerpt":{"rendered":"<p>\ud83d\ude80 Nuevo ciclo de 8 talleres online para emprender \u00bfTienes una idea y quieres emprender desde cero? La Fundaci\u00f3n Acci\u00f3n contra el Hambre lanza un nuevo ciclo pr\u00e1ctico y 100% gratuito para ayudarte a dar el salto profesional. \ud83d\udcc5 Fechas: Del 13 al 30 de abril de 2026 \u23f0 Horario: De 10:00 h a 13:00&#8230;<\/p>\n","protected":false},"author":6445,"featured_media":13806,"comment_status":"closed","ping_status":"closed","sticky":false,"template":"","format":"standard","meta":{"_kad_post_transparent":"","_kad_post_title":"","_kad_post_layout":"","_kad_post_sidebar_id":"","_kad_post_content_style":"","_kad_post_vertical_padding":"","_kad_post_feature":"","_kad_post_feature_position":"","_kad_post_header":false,"_kad_post_footer":false,"footnotes":""},"categories":[72],"tags":[],"class_list":["post-13807","post","type-post","status-publish","format-standard","has-post-thumbnail","hentry","category-convocatoria"],"_links":{"self":[{"href":"https:\/\/consuladouy-bcn.es\/httpdocs\/wp-json\/wp\/v2\/posts\/13807","targetHints":{"allow":["GET"]}}],"collection":[{"href":"https:\/\/consuladouy-bcn.es\/httpdocs\/wp-json\/wp\/v2\/posts"}],"about":[{"href":"https:\/\/consuladouy-bcn.es\/httpdocs\/wp-json\/wp\/v2\/types\/post"}],"author":[{"embeddable":true,"href":"https:\/\/consuladouy-bcn.es\/httpdocs\/wp-json\/wp\/v2\/users\/6445"}],"replies":[{"embeddable":true,"href":"https:\/\/consuladouy-bcn.es\/httpdocs\/wp-json\/wp\/v2\/comments?post=13807"}],"version-history":[{"count":4,"href":"https:\/\/consuladouy-bcn.es\/httpdocs\/wp-json\/wp\/v2\/posts\/13807\/revisions"}],"predecessor-version":[{"id":13811,"href":"https:\/\/consuladouy-bcn.es\/httpdocs\/wp-json\/wp\/v2\/posts\/13807\/revisions\/13811"}],"wp:featuredmedia":[{"embeddable":true,"href":"https:\/\/consuladouy-bcn.es\/httpdocs\/wp-json\/wp\/v2\/media\/13806"}],"wp:attachment":[{"href":"https:\/\/consuladouy-bcn.es\/httpdocs\/wp-json\/wp\/v2\/media?parent=13807"}],"wp:term":[{"taxonomy":"category","embeddable":true,"href":"https:\/\/consuladouy-bcn.es\/httpdocs\/wp-json\/wp\/v2\/categories?post=13807"},{"taxonomy":"post_tag","embeddable":true,"href":"https:\/\/consuladouy-bcn.es\/httpdocs\/wp-json\/wp\/v2\/tags?post=13807"}],"curies":[{"name":"wp","href":"https:\/\/api.w.org\/{rel}","templated":true}]}}