{"id":13795,"date":"2026-03-17T12:37:19","date_gmt":"2026-03-17T11:37:19","guid":{"rendered":"https:\/\/consuladouy-bcn.es\/httpdocs\/?p=13795"},"modified":"2026-03-17T12:41:11","modified_gmt":"2026-03-17T11:41:11","slug":"inauguracion-de-la-exposicion-miscelanea-de-juanjo-pereira-en-barcelona","status":"publish","type":"post","link":"https:\/\/consuladouy-bcn.es\/httpdocs\/inauguracion-de-la-exposicion-miscelanea-de-juanjo-pereira-en-barcelona\/","title":{"rendered":"Inauguraci\u00f3n de la Exposici\u00f3n \u00abMiscel\u00e1nea\u00bb de Juanjo Pereira en Barcelona"},"content":{"rendered":"\t\t<div data-elementor-type=\"wp-post\" data-elementor-id=\"13795\" class=\"elementor elementor-13795\" data-elementor-post-type=\"post\">\n\t\t\t\t<div class=\"elementor-element elementor-element-84f0930 e-flex e-con-boxed e-con e-parent\" data-id=\"84f0930\" data-element_type=\"container\" data-e-type=\"container\">\n\t\t\t\t\t<div class=\"e-con-inner\">\n\t\t\t\t<div class=\"elementor-element elementor-element-48233a9 elementor-widget elementor-widget-html\" data-id=\"48233a9\" data-element_type=\"widget\" data-e-type=\"widget\" data-widget_type=\"html.default\">\n\t\t\t\t<div class=\"elementor-widget-container\">\n\t\t\t\t\t<div style=\"font-family: 'Helvetica Neue', Arial, sans-serif; line-height: 1.6; color: #2c3e50; max-width: 850px; margin: 20px auto; border: 1px solid #e1e1e1; border-radius: 8px; overflow: hidden; box-shadow: 0 10px 25px rgba(0,0,0,0.1);\">\r\n    \r\n    <div style=\"background-color: #1a3a4a; padding: 40px 20px; text-align: center; color: #ffffff;\">\r\n        <h1 style=\"margin: 0; font-size: 32px; letter-spacing: 2px; text-transform: uppercase;\">Exposici\u00f3n Miscel\u00e1nea<\/h1>\r\n        <p style=\"font-size: 20px; margin: 10px 0 0; opacity: 0.9;\">de <strong>Juanjo Pereira \u201cKancis\u201d<\/strong><\/p>\r\n    <\/div>\r\n\r\n \r\n\r\n    <div style=\"padding: 40px; background-color: #ffffff;\">\r\n        \r\n        <div style=\"display: flex; flex-wrap: wrap; gap: 20px; margin-bottom: 30px; border-bottom: 1px solid #eee; padding-bottom: 30px;\">\r\n            <div style=\"flex: 1; min-width: 250px;\">\r\n                <h3 style=\"color: #1a3a4a; border-left: 4px solid #1a3a4a; padding-left: 15px; margin-top: 0;\">DETALLES<\/h3>\r\n                <p style=\"margin: 8px 0;\"><strong>Inauguraci\u00f3n:<\/strong> Lunes 16 de marzo, 19:00h <\/p>\r\n                <p style=\"margin: 8px 0;\"><strong>Duraci\u00f3n:<\/strong> Del 16 de marzo al 10 de abril <\/p>\r\n                <p style=\"margin: 8px 0;\"><strong>Ubicaci\u00f3n:<\/strong> Reial Cercle Art\u00edstic (5\u00aa planta) <\/p>\r\n                <p style=\"margin: 8px 0;\"><strong>Direcci\u00f3n:<\/strong> Carrer Arcs 5, 08002 Barcelona <\/p>\r\n            <\/div>\r\n            <div style=\"flex: 1; min-width: 250px;\">\r\n                <h3 style=\"color: #1a3a4a; border-left: 4px solid #1a3a4a; padding-left: 15px; margin-top: 0;\">HORARIOS<\/h3>\r\n                <p style=\"margin: 8px 0;\"><strong>Lunes a Viernes:<\/strong><\/p>\r\n                <p style=\"margin: 5px 0 15px 20px;\">10:00 a 13:00 y 16:00 a 20:00 <\/p>\r\n                <span style=\"background-color: #e74c3c; color: white; padding: 5px 12px; border-radius: 20px; font-size: 14px; font-weight: bold;\">ENTRADA LIBRE <\/span>\r\n            <\/div>\r\n        <\/div>\r\n\r\n        <p style=\"text-align: justify; font-size: 16px; color: #444; margin-bottom: 40px;\">\r\n            El Consulado General del Uruguay en Barcelona invita a la comunidad a disfrutar de la exposici\u00f3n <strong>\"Miscel\u00e1nea\"<\/strong>. Una oportunidad \u00fanica para recorrer el universo creativo de Juanjo Pereira, donde el arte contempor\u00e1neo dialoga con diversos materiales y conceptos en el emblem\u00e1tico Reial Cercle Art\u00edstic de la ciudad.\r\n        <\/p>\r\n\r\n        <h3 style=\"text-align: center; color: #1a3a4a; margin-bottom: 25px; text-transform: uppercase; font-size: 18px; letter-spacing: 1px;\">Muestra de la Obra<\/h3>\r\n        \r\n        <div style=\"display: grid; grid-template-columns: 1fr 1fr; gap: 15px; margin-bottom: 20px;\">\r\n            <div style=\"grid-column: span 2;\">\r\n                <img decoding=\"async\" src=\"https:\/\/consuladouy-bcn.es\/wp-content\/uploads\/2026\/03\/IMG_4037-scaled.jpeg\" alt=\"Obra Miscel\u00e1nea 1\" style=\"width: 100%; height: auto; border-radius: 4px; border: 1px solid #ddd;\">\r\n            <\/div>\r\n            <div>\r\n                <img decoding=\"async\" src=\"https:\/\/consuladouy-bcn.es\/wp-content\/uploads\/2026\/03\/IMG_4036-scaled.jpeg\" alt=\"Obra Miscel\u00e1nea 2\" style=\"width: 100%; height: auto; border-radius: 4px; border: 1px solid #ddd;\">\r\n            <\/div>\r\n            <div>\r\n                <img decoding=\"async\" src=\"https:\/\/consuladouy-bcn.es\/wp-content\/uploads\/2026\/03\/IMG_4037-scaled.jpeg\" alt=\"Obra Miscel\u00e1nea 3\" style=\"width: 100%; height: auto; border-radius: 4px; border: 1px solid #ddd;\">\r\n            <\/div>\r\n        <\/div>\r\n    <\/div>\r\n\r\n    <div style=\"background-color: #f4f4f4; padding: 20px; text-align: center; font-size: 14px; color: #7f8c8d; border-top: 1px solid #eee;\">\r\n        <strong>Reial Cercle Art\u00edstic - Institut Barcelon\u00e8s d'Art<\/strong> <br>\r\n\r\n    <\/div>\r\n<\/div>\t\t\t\t<\/div>\n\t\t\t\t<\/div>\n\t\t\t\t\t<\/div>\n\t\t\t\t<\/div>\n\t\t\t\t<\/div>\n\t\t","protected":false},"excerpt":{"rendered":"<p>Exposici\u00f3n Miscel\u00e1nea de Juanjo Pereira \u201cKancis\u201d DETALLES Inauguraci\u00f3n: Lunes 16 de marzo, 19:00h Duraci\u00f3n: Del 16 de marzo al 10 de abril Ubicaci\u00f3n: Reial Cercle Art\u00edstic (5\u00aa planta) Direcci\u00f3n: Carrer Arcs 5, 08002 Barcelona HORARIOS Lunes a Viernes: 10:00 a 13:00 y 16:00 a 20:00 ENTRADA LIBRE El Consulado General del Uruguay en Barcelona invita&#8230;<\/p>\n","protected":false},"author":6445,"featured_media":13794,"comment_status":"closed","ping_status":"closed","sticky":false,"template":"","format":"standard","meta":{"_kad_post_transparent":"","_kad_post_title":"","_kad_post_layout":"","_kad_post_sidebar_id":"","_kad_post_content_style":"","_kad_post_vertical_padding":"","_kad_post_feature":"","_kad_post_feature_position":"","_kad_post_header":false,"_kad_post_footer":false,"footnotes":""},"categories":[65],"tags":[],"class_list":["post-13795","post","type-post","status-publish","format-standard","has-post-thumbnail","hentry","category-eventos"],"_links":{"self":[{"href":"https:\/\/consuladouy-bcn.es\/httpdocs\/wp-json\/wp\/v2\/posts\/13795","targetHints":{"allow":["GET"]}}],"collection":[{"href":"https:\/\/consuladouy-bcn.es\/httpdocs\/wp-json\/wp\/v2\/posts"}],"about":[{"href":"https:\/\/consuladouy-bcn.es\/httpdocs\/wp-json\/wp\/v2\/types\/post"}],"author":[{"embeddable":true,"href":"https:\/\/consuladouy-bcn.es\/httpdocs\/wp-json\/wp\/v2\/users\/6445"}],"replies":[{"embeddable":true,"href":"https:\/\/consuladouy-bcn.es\/httpdocs\/wp-json\/wp\/v2\/comments?post=13795"}],"version-history":[{"count":10,"href":"https:\/\/consuladouy-bcn.es\/httpdocs\/wp-json\/wp\/v2\/posts\/13795\/revisions"}],"predecessor-version":[{"id":13805,"href":"https:\/\/consuladouy-bcn.es\/httpdocs\/wp-json\/wp\/v2\/posts\/13795\/revisions\/13805"}],"wp:featuredmedia":[{"embeddable":true,"href":"https:\/\/consuladouy-bcn.es\/httpdocs\/wp-json\/wp\/v2\/media\/13794"}],"wp:attachment":[{"href":"https:\/\/consuladouy-bcn.es\/httpdocs\/wp-json\/wp\/v2\/media?parent=13795"}],"wp:term":[{"taxonomy":"category","embeddable":true,"href":"https:\/\/consuladouy-bcn.es\/httpdocs\/wp-json\/wp\/v2\/categories?post=13795"},{"taxonomy":"post_tag","embeddable":true,"href":"https:\/\/consuladouy-bcn.es\/httpdocs\/wp-json\/wp\/v2\/tags?post=13795"}],"curies":[{"name":"wp","href":"https:\/\/api.w.org\/{rel}","templated":true}]}}