{"id":13775,"date":"2026-03-13T00:49:41","date_gmt":"2026-03-12T23:49:41","guid":{"rendered":"https:\/\/consuladouy-bcn.es\/httpdocs\/?p=13775"},"modified":"2026-03-13T00:53:38","modified_gmt":"2026-03-12T23:53:38","slug":"exposicion-infancia-en-exilio-de-la-artista-uruguaya-jimena-lucas-en-barcelona","status":"publish","type":"post","link":"https:\/\/consuladouy-bcn.es\/httpdocs\/exposicion-infancia-en-exilio-de-la-artista-uruguaya-jimena-lucas-en-barcelona\/","title":{"rendered":"Exposici\u00f3n \u201cInfancia en exilio\u201d de la artista uruguaya Jimena Lucas en Barcelona"},"content":{"rendered":"\t\t<div data-elementor-type=\"wp-post\" data-elementor-id=\"13775\" class=\"elementor elementor-13775\" data-elementor-post-type=\"post\">\n\t\t\t\t<div class=\"elementor-element elementor-element-3eb9563 e-flex e-con-boxed e-con e-parent\" data-id=\"3eb9563\" data-element_type=\"container\" data-e-type=\"container\">\n\t\t\t\t\t<div class=\"e-con-inner\">\n\t\t\t\t<div class=\"elementor-element elementor-element-9f56953 elementor-widget elementor-widget-html\" data-id=\"9f56953\" data-element_type=\"widget\" data-e-type=\"widget\" data-widget_type=\"html.default\">\n\t\t\t\t<div class=\"elementor-widget-container\">\n\t\t\t\t\t<div class=\"consulado-evento-cultural\" style=\"font-family: 'Helvetica Neue', Helvetica, Arial, sans-serif; line-height: 1.6; color: #333; max-width: 850px; margin: auto; border: 1px solid #e0e0e0; padding: 30px; border-radius: 10px; background-color: #ffffff;\">\r\n\r\n    <h2 style=\"color: #003366; border-bottom: 3px solid #003366; padding-bottom: 12px; margin-top: 0; font-size: 1.5em;\">Exposici\u00f3n: \"Infancia en exilio\" de Jimena Lucas<\/h2>\r\n    \r\n    <p style=\"font-style: italic; color: #666; font-size: 0.95em;\">El Consulado del Uruguay tiene el agrado de difundir la nueva muestra de la artista compatriota Jimena Lucas, un espacio de reflexi\u00f3n sobre una de las crisis humanitarias m\u00e1s urgentes de nuestro tiempo.<\/p>\r\n\r\n    <hr style=\"border: 0; height: 1px; background: #eee; margin: 25px 0;\">\r\n\r\n    <p>Del <strong>5 al 27 de marzo<\/strong>, el <em>Centre C\u00edvic Pere Pruna<\/em> en Barcelona acoge la exposici\u00f3n <strong>\u201cInfancia en exilio\u201d<\/strong>. A trav\u00e9s de tres instalaciones art\u00edsticas, la artista uruguaya <strong>Jimena Lucas<\/strong> escenifica la dura realidad de miles de ni\u00f1os y ni\u00f1as obligados a desplazarse debido a la guerra y la violencia.<\/p>\r\n\r\n    <p>Las tres instalaciones proponen distintos escenarios que, aunque surgen de contextos diferentes, revelan realidades profundamente paralelas y muchas veces vividas por un mismo ni\u00f1o o ni\u00f1a: el abandono por parte del sistema, la p\u00e9rdida de derechos fundamentales y la profunda ruptura de la infancia desde el momento en que se ven obligados a abandonar sus hogares.<\/p>\r\n\r\n    <p>El recorrido de la exposici\u00f3n invita a reflexionar sobre la trayectoria que estos ni\u00f1os deben emprender, la desprotecci\u00f3n frente a necesidades b\u00e1sicas como la alimentaci\u00f3n, el refugio o la seguridad, y tambi\u00e9n sobre las tragedias que marcan estos caminos, donde en demasiadas ocasiones muchas vidas no logran llegar al final del trayecto.<\/p>\r\n\r\n    <p>Una de las tres propuestas es una instalaci\u00f3n exterior, siendo la primera vez que el proyecto incorpora una obra pensada para el espacio p\u00fablico, ampliando as\u00ed el di\u00e1logo con la ciudad y con quienes transitan por ella.<\/p>\r\n\r\n    <p>El proyecto busca abrir un espacio de reflexi\u00f3n y conciencia sobre la realidad de la infancia desplazada. A trav\u00e9s del lenguaje art\u00edstico se pretende visibilizar estas experiencias, fomentar la empat\u00eda y promover una mirada de compromiso social frente a una de las crisis humanitarias m\u00e1s urgentes de nuestro tiempo.<\/p>\r\n\r\n    <div style=\"display: block; margin: 30px 0; text-align: center;\">\r\n        <a href=\"https:\/\/consuladouy-bcn.es\/wp-content\/uploads\/2026\/03\/1773322759761-scaled.jpg\" style=\"display: inline-block; margin: 5px; width: 30%;\">\r\n            <img decoding=\"async\" src=\"https:\/\/consuladouy-bcn.es\/wp-content\/uploads\/2026\/03\/1773322759761-scaled.jpg\" alt=\"Imagen 1\" style=\"width: 100%; border-radius: 5px; box-shadow: 0 2px 5px rgba(0,0,0,0.1);\">\r\n        <\/a>\r\n        <a href=\"https:\/\/consuladouy-bcn.es\/wp-content\/uploads\/2026\/03\/1773322759747-scaled.jpg\" style=\"display: inline-block; margin: 5px; width: 30%;\">\r\n            <img decoding=\"async\" src=\"https:\/\/consuladouy-bcn.es\/wp-content\/uploads\/2026\/03\/1773322759747-scaled.jpg\" alt=\"Imagen 2\" style=\"width: 100%; border-radius: 5px; box-shadow: 0 2px 5px rgba(0,0,0,0.1);\">\r\n        <\/a>\r\n        <a href=\"https:\/\/consuladouy-bcn.es\/wp-content\/uploads\/2026\/03\/1773322759754-scaled.jpg\" style=\"display: inline-block; margin: 5px; width: 30%;\">\r\n            <img decoding=\"async\" src=\"https:\/\/consuladouy-bcn.es\/wp-content\/uploads\/2026\/03\/1773322759754-scaled.jpg\" alt=\"Imagen 3\" style=\"width: 100%; border-radius: 5px; box-shadow: 0 2px 5px rgba(0,0,0,0.1);\">\r\n        <\/a>\r\n        <a href=\"https:\/\/consuladouy-bcn.es\/wp-content\/uploads\/2026\/03\/1773322759738.jpg\" style=\"display: inline-block; margin: 5px; width: 30%;\">\r\n            <img decoding=\"async\" src=\"https:\/\/consuladouy-bcn.es\/wp-content\/uploads\/2026\/03\/1773322759738.jpg\" alt=\"Imagen 4\" style=\"width: 100%; border-radius: 5px; box-shadow: 0 2px 5px rgba(0,0,0,0.1);\">\r\n        <\/a>\r\n        <a href=\"https:\/\/consuladouy-bcn.es\/wp-content\/uploads\/2026\/03\/1773322759729-scaled.jpg\" style=\"display: inline-block; margin: 5px; width: 30%;\">\r\n            <img decoding=\"async\" src=\"https:\/\/consuladouy-bcn.es\/wp-content\/uploads\/2026\/03\/1773322759729-scaled.jpg\" alt=\"Imagen 5\" style=\"width: 100%; border-radius: 5px; box-shadow: 0 2px 5px rgba(0,0,0,0.1);\">\r\n        <\/a>\r\n    <\/div>\r\n\r\n    <div style=\"background-color: #f0f4f8; border-left: 6px solid #003366; padding: 20px; margin: 25px 0; border-radius: 4px;\">\r\n        <h3 style=\"margin-top: 0; color: #003366; font-size: 1.1em;\">\ud83d\udccc Invitaci\u00f3n Especial: Visita Guiada<\/h3>\r\n        <p style=\"margin-bottom: 0;\">La artista realizar\u00e1 una visita guiada por la exposici\u00f3n el pr\u00f3ximo <strong>24 de marzo a las 17:00 horas<\/strong>, a la que todos est\u00e1n cordialmente invitados.<\/p>\r\n    <\/div>\r\n\r\n    <p style=\"margin-top: 20px;\">\r\n        <strong>\ud83d\udccd Lugar:<\/strong> Centre C\u00edvic Pere Pruna (Ganduxer 130, Barcelona, Espa\u00f1a).<br>\r\n        <strong>\ud83d\udcc5 Fechas:<\/strong> Del 5 al 27 de marzo.<br>\r\n        <strong>\ud83d\udd17 M\u00e1s informaci\u00f3n:<\/strong> <a href=\"https:\/\/www.lucas-artist.com\/\" target=\"_blank\" style=\"color: #003366; font-weight: bold;\">lucas-artist.com<\/a> | <a href=\"https:\/\/www.instagram.com\/jimenalucasartist\/\" target=\"_blank\" style=\"color: #003366; font-weight: bold;\">Instagram<\/a>\r\n    <\/p>\r\n\r\n    <hr style=\"border: 0; height: 1px; background: #eee; margin: 25px 0;\">\r\n\r\n  \r\n<\/div>\t\t\t\t<\/div>\n\t\t\t\t<\/div>\n\t\t\t\t\t<\/div>\n\t\t\t\t<\/div>\n\t\t\t\t<\/div>\n\t\t","protected":false},"excerpt":{"rendered":"<p>Exposici\u00f3n: \u00abInfancia en exilio\u00bb de Jimena Lucas El Consulado del Uruguay tiene el agrado de difundir la nueva muestra de la artista compatriota Jimena Lucas, un espacio de reflexi\u00f3n sobre una de las crisis humanitarias m\u00e1s urgentes de nuestro tiempo. Del 5 al 27 de marzo, el Centre C\u00edvic Pere Pruna en Barcelona acoge la&#8230;<\/p>\n","protected":false},"author":6445,"featured_media":13773,"comment_status":"closed","ping_status":"closed","sticky":false,"template":"","format":"standard","meta":{"_kad_post_transparent":"","_kad_post_title":"","_kad_post_layout":"","_kad_post_sidebar_id":"","_kad_post_content_style":"","_kad_post_vertical_padding":"","_kad_post_feature":"","_kad_post_feature_position":"","_kad_post_header":false,"_kad_post_footer":false,"footnotes":""},"categories":[65],"tags":[],"class_list":["post-13775","post","type-post","status-publish","format-standard","has-post-thumbnail","hentry","category-eventos"],"_links":{"self":[{"href":"https:\/\/consuladouy-bcn.es\/httpdocs\/wp-json\/wp\/v2\/posts\/13775","targetHints":{"allow":["GET"]}}],"collection":[{"href":"https:\/\/consuladouy-bcn.es\/httpdocs\/wp-json\/wp\/v2\/posts"}],"about":[{"href":"https:\/\/consuladouy-bcn.es\/httpdocs\/wp-json\/wp\/v2\/types\/post"}],"author":[{"embeddable":true,"href":"https:\/\/consuladouy-bcn.es\/httpdocs\/wp-json\/wp\/v2\/users\/6445"}],"replies":[{"embeddable":true,"href":"https:\/\/consuladouy-bcn.es\/httpdocs\/wp-json\/wp\/v2\/comments?post=13775"}],"version-history":[{"count":10,"href":"https:\/\/consuladouy-bcn.es\/httpdocs\/wp-json\/wp\/v2\/posts\/13775\/revisions"}],"predecessor-version":[{"id":13785,"href":"https:\/\/consuladouy-bcn.es\/httpdocs\/wp-json\/wp\/v2\/posts\/13775\/revisions\/13785"}],"wp:featuredmedia":[{"embeddable":true,"href":"https:\/\/consuladouy-bcn.es\/httpdocs\/wp-json\/wp\/v2\/media\/13773"}],"wp:attachment":[{"href":"https:\/\/consuladouy-bcn.es\/httpdocs\/wp-json\/wp\/v2\/media?parent=13775"}],"wp:term":[{"taxonomy":"category","embeddable":true,"href":"https:\/\/consuladouy-bcn.es\/httpdocs\/wp-json\/wp\/v2\/categories?post=13775"},{"taxonomy":"post_tag","embeddable":true,"href":"https:\/\/consuladouy-bcn.es\/httpdocs\/wp-json\/wp\/v2\/tags?post=13775"}],"curies":[{"name":"wp","href":"https:\/\/api.w.org\/{rel}","templated":true}]}}