{"id":13763,"date":"2026-03-13T00:43:02","date_gmt":"2026-03-12T23:43:02","guid":{"rendered":"https:\/\/consuladouy-bcn.es\/httpdocs\/?p=13763"},"modified":"2026-03-13T00:45:35","modified_gmt":"2026-03-12T23:45:35","slug":"presentacion-de-la-obra-mi-tambor-y-el-libro-de-los-candombes-imposibles-de-gustavo-balta","status":"publish","type":"post","link":"https:\/\/consuladouy-bcn.es\/httpdocs\/presentacion-de-la-obra-mi-tambor-y-el-libro-de-los-candombes-imposibles-de-gustavo-balta\/","title":{"rendered":"Presentaci\u00f3n de la obra \u00abMi Tambor y el Libro de los Candombes Imposibles\u00bb de Gustavo Balta"},"content":{"rendered":"\t\t<div data-elementor-type=\"wp-post\" data-elementor-id=\"13763\" class=\"elementor elementor-13763\" data-elementor-post-type=\"post\">\n\t\t\t\t<div class=\"elementor-element elementor-element-ca46b6e e-flex e-con-boxed e-con e-parent\" data-id=\"ca46b6e\" data-element_type=\"container\" data-e-type=\"container\">\n\t\t\t\t\t<div class=\"e-con-inner\">\n\t\t\t\t<div class=\"elementor-element elementor-element-0205866 elementor-widget elementor-widget-html\" data-id=\"0205866\" data-element_type=\"widget\" data-e-type=\"widget\" data-widget_type=\"html.default\">\n\t\t\t\t<div class=\"elementor-widget-container\">\n\t\t\t\t\t<div class=\"consulado-novedad-cultural\" style=\"font-family: 'Helvetica Neue', Helvetica, Arial, sans-serif; line-height: 1.6; color: #333; max-width: 800px; margin: auto; border: 1px solid #eee; padding: 25px; border-radius: 8px;\">\r\n\r\n    <h2 style=\"color: #003366; border-bottom: 2px solid #003366; padding-bottom: 10px;\">Difusi\u00f3n Cultural: Gustavo Balta presenta su nueva obra en Palma<\/h2>\r\n\r\n  \r\n\r\n    <hr style=\"border: 0; height: 1px; background: #ddd; margin: 20px 0;\">\r\n\r\n    <p><strong>Gustavo Balta<\/strong> es un artista multidisciplinar cuya obra nace en la intersecci\u00f3n de la m\u00fasica, la historia y la palabra. Compositor, m\u00fasico y escritor, Balta ha construido una trayectoria en la que la creaci\u00f3n literaria y la composici\u00f3n musical se retroalimentan, explorando el ritmo, la memoria y la magia que habita en lo cotidiano.<\/p>\r\n\r\n    <p>Residente en Palma de Mallorca, present\u00f3 el pasado <strong>13 de marzo<\/strong> su m\u00e1s reciente libro, <span style=\"color: #c0392b; font-weight: bold;\">\u201cMi Tambor y el Libro de los Candombes Imposibles\u201d<\/span>, en la Universidad de las Islas Baleares (UIB).<\/p>\r\n\r\n    <blockquote style=\"background: #f9f9f9; border-left: 5px solid #003366; margin: 20px 0; padding: 15px 20px; font-style: italic;\">\r\n        \"Este libro es un viaje al coraz\u00f3n del barrio: relatos donde los tambores laten m\u00e1s all\u00e1 del tiempo y la realidad, y cada historia act\u00faa como un puente entre lo visible y lo invisible.\"\r\n    <\/blockquote>\r\n\r\n    <p>Entre casas abandonadas y llenas de vida, sombras que bailan con el viento y comparsas surgidas de lo imposible, aparecen personajes que sorprenden: ni\u00f1os, ancianos, locos y so\u00f1adores, todos marcados por el ritmo de un tambor que invita a escuchar, sentir y so\u00f1ar.<\/p>\r\n\r\n    <p><em>Mi Tambor y el Libro de los Candombes Imposibles<\/em> es un homenaje a la memoria de quienes dejaron su huella y a los instantes que se resisten a desaparecer. Una obra para dejarse llevar, donde cada relato es un toque de tambor que despierta la imaginaci\u00f3n y el coraz\u00f3n.<\/p>\r\n\r\n    <div style=\"background-color: #f2f2f2; padding: 15px; border-radius: 5px; margin-top: 25px;\">\r\n        <h3 style=\"margin-top: 0; font-size: 1.1em; color: #003366;\">Disponibilidad y Plataformas:<\/h3>\r\n        <ul style=\"list-style-type: disc; margin-left: 20px;\">\r\n            <li><strong>Libros:<\/strong> Disponibles a nivel mundial en <a href=\"http:\/\/www.gustavobalta.com\" target=\"_blank\" rel=\"noopener\" style=\"color: #003366; text-decoration: underline;\">www.gustavobalta.com<\/a> y Amazon.<\/li>\r\n            <li><strong>M\u00fasica:<\/strong> Sus composiciones se encuentran en plataformas de streaming como <strong>Spotify, Apple Music y YouTube<\/strong>.<\/li>\r\n        <\/ul>\r\n    <\/div>\r\n\r\n    \r\n\r\n<\/div>\t\t\t\t<\/div>\n\t\t\t\t<\/div>\n\t\t\t\t\t<\/div>\n\t\t\t\t<\/div>\n\t\t<div class=\"elementor-element elementor-element-6ee3097 e-flex e-con-boxed e-con e-parent\" data-id=\"6ee3097\" data-element_type=\"container\" data-e-type=\"container\">\n\t\t\t\t\t<div class=\"e-con-inner\">\n\t\t\t\t<div class=\"elementor-element elementor-element-6e50b00 elementor-widget elementor-widget-image\" data-id=\"6e50b00\" data-element_type=\"widget\" data-e-type=\"widget\" data-widget_type=\"image.default\">\n\t\t\t\t<div class=\"elementor-widget-container\">\n\t\t\t\t\t\t\t\t\t\t\t\t\t\t\t<img fetchpriority=\"high\" decoding=\"async\" width=\"662\" height=\"1024\" src=\"https:\/\/consuladouy-bcn.es\/wp-content\/uploads\/2026\/03\/MI-TAMBOR-Y-EL-LIBRO-DE-LOS-CANDOMBES-IMPOSIBLES-GUSTAVO-BALTA-662x1024.jpg\" class=\"attachment-large size-large wp-image-13764\" alt=\"\" srcset=\"https:\/\/consuladouy-bcn.es\/wp-content\/uploads\/2026\/03\/MI-TAMBOR-Y-EL-LIBRO-DE-LOS-CANDOMBES-IMPOSIBLES-GUSTAVO-BALTA-662x1024.jpg 662w, https:\/\/consuladouy-bcn.es\/wp-content\/uploads\/2026\/03\/MI-TAMBOR-Y-EL-LIBRO-DE-LOS-CANDOMBES-IMPOSIBLES-GUSTAVO-BALTA-993x1536.jpg 993w, https:\/\/consuladouy-bcn.es\/wp-content\/uploads\/2026\/03\/MI-TAMBOR-Y-EL-LIBRO-DE-LOS-CANDOMBES-IMPOSIBLES-GUSTAVO-BALTA-1323x2048.jpg 1323w, https:\/\/consuladouy-bcn.es\/wp-content\/uploads\/2026\/03\/MI-TAMBOR-Y-EL-LIBRO-DE-LOS-CANDOMBES-IMPOSIBLES-GUSTAVO-BALTA-194x300.jpg 194w, https:\/\/consuladouy-bcn.es\/wp-content\/uploads\/2026\/03\/MI-TAMBOR-Y-EL-LIBRO-DE-LOS-CANDOMBES-IMPOSIBLES-GUSTAVO-BALTA-768x1188.jpg 768w, https:\/\/consuladouy-bcn.es\/wp-content\/uploads\/2026\/03\/MI-TAMBOR-Y-EL-LIBRO-DE-LOS-CANDOMBES-IMPOSIBLES-GUSTAVO-BALTA-scaled.jpg 1654w\" sizes=\"(max-width: 662px) 100vw, 662px\" \/>\t\t\t\t\t\t\t\t\t\t\t\t\t\t\t<\/div>\n\t\t\t\t<\/div>\n\t\t\t\t\t<\/div>\n\t\t\t\t<\/div>\n\t\t\t\t<\/div>\n\t\t","protected":false},"excerpt":{"rendered":"<p>Difusi\u00f3n Cultural: Gustavo Balta presenta su nueva obra en Palma Gustavo Balta es un artista multidisciplinar cuya obra nace en la intersecci\u00f3n de la m\u00fasica, la historia y la palabra. Compositor, m\u00fasico y escritor, Balta ha construido una trayectoria en la que la creaci\u00f3n literaria y la composici\u00f3n musical se retroalimentan, explorando el ritmo, la&#8230;<\/p>\n","protected":false},"author":6445,"featured_media":13769,"comment_status":"closed","ping_status":"closed","sticky":false,"template":"","format":"standard","meta":{"_kad_post_transparent":"","_kad_post_title":"","_kad_post_layout":"","_kad_post_sidebar_id":"","_kad_post_content_style":"","_kad_post_vertical_padding":"","_kad_post_feature":"","_kad_post_feature_position":"","_kad_post_header":false,"_kad_post_footer":false,"footnotes":""},"categories":[13],"tags":[],"class_list":["post-13763","post","type-post","status-publish","format-standard","has-post-thumbnail","hentry","category-culturales"],"_links":{"self":[{"href":"https:\/\/consuladouy-bcn.es\/httpdocs\/wp-json\/wp\/v2\/posts\/13763","targetHints":{"allow":["GET"]}}],"collection":[{"href":"https:\/\/consuladouy-bcn.es\/httpdocs\/wp-json\/wp\/v2\/posts"}],"about":[{"href":"https:\/\/consuladouy-bcn.es\/httpdocs\/wp-json\/wp\/v2\/types\/post"}],"author":[{"embeddable":true,"href":"https:\/\/consuladouy-bcn.es\/httpdocs\/wp-json\/wp\/v2\/users\/6445"}],"replies":[{"embeddable":true,"href":"https:\/\/consuladouy-bcn.es\/httpdocs\/wp-json\/wp\/v2\/comments?post=13763"}],"version-history":[{"count":4,"href":"https:\/\/consuladouy-bcn.es\/httpdocs\/wp-json\/wp\/v2\/posts\/13763\/revisions"}],"predecessor-version":[{"id":13768,"href":"https:\/\/consuladouy-bcn.es\/httpdocs\/wp-json\/wp\/v2\/posts\/13763\/revisions\/13768"}],"wp:featuredmedia":[{"embeddable":true,"href":"https:\/\/consuladouy-bcn.es\/httpdocs\/wp-json\/wp\/v2\/media\/13769"}],"wp:attachment":[{"href":"https:\/\/consuladouy-bcn.es\/httpdocs\/wp-json\/wp\/v2\/media?parent=13763"}],"wp:term":[{"taxonomy":"category","embeddable":true,"href":"https:\/\/consuladouy-bcn.es\/httpdocs\/wp-json\/wp\/v2\/categories?post=13763"},{"taxonomy":"post_tag","embeddable":true,"href":"https:\/\/consuladouy-bcn.es\/httpdocs\/wp-json\/wp\/v2\/tags?post=13763"}],"curies":[{"name":"wp","href":"https:\/\/api.w.org\/{rel}","templated":true}]}}