{"id":13433,"date":"2026-01-07T17:33:40","date_gmt":"2026-01-07T16:33:40","guid":{"rendered":"https:\/\/consuladouy-bcn.es\/httpdocs\/?p=13433"},"modified":"2026-01-08T00:51:42","modified_gmt":"2026-01-07T23:51:42","slug":"rossana-taddei-gustavo-etchenique","status":"publish","type":"post","link":"https:\/\/consuladouy-bcn.es\/httpdocs\/rossana-taddei-gustavo-etchenique\/","title":{"rendered":"Concierto Rossana Taddei &amp; Gustavo Etchenique"},"content":{"rendered":"    \n    <div style=\"max-width: 900px; margin: 40px auto; padding: 20px; background-color: #fff; box-shadow: 0 4px 12px rgba(0,0,0,0.1); border-radius: 8px; font-family: Arial, sans-serif; line-height: 1.6; color: #333;\">\n        <header style=\"text-align: center; padding-bottom: 20px; border-bottom: 2px solid #007bff;\">\n            <h1 style=\"color: #007bff; margin-bottom: 10px;\">Rossana Taddei & Gustavo Etchenique en Barcelona<\/h1>\n            <p style=\"font-size: 1.2em; color: #555;\">14 de enero de 2026 - 20:00 horas<\/p>\n            <p>\u00a1Orgullo uruguayo en Espa\u00f1a! Dos grandes artistas de Uruguay llegan con su proyecto MINIMALmambo<\/p>\n        <\/header>\n\n        <!-- Imagen principal: p\u00f3ster oficial del evento -->\n        <div style=\"text-align: center; margin: 20px 0;\">\n            <img decoding=\"async\" src=\"https:\/\/d2il8hfach02z9.cloudfront.net\/uploads\/event\/poster\/9a89c3514def43b7f7b366affa29370a99ee48a2\/event_m_tadei.jpeg?v=1766574462\" alt=\"Rossana Taddei y Gustavo Etchenique - MINIMALmambo\" style=\"width: 100%; max-height: 600px; object-fit: contain; border-radius: 8px; box-shadow: 0 4px 8px rgba(0,0,0,0.2);\">\n        <\/div>\n\n        <!-- Galer\u00eda de fotos del d\u00fao (recientes y en vivo) -->\n        <div style=\"display: flex; flex-wrap: wrap; justify-content: center; gap: 20px; margin: 30px 0;\">\n            <img decoding=\"async\" src=\"https:\/\/naxos-cdn01.gruppocdt.ch\/cdt\/stories\/2025\/12\/22\/1920x1080\/3c16dd39-d58e-4986-99eb-16108e393cf8.jpeg\" alt=\"Rossana Taddei y Gustavo Etchenique - MINIMALmambo en vivo\" style=\"max-width: 400px; width: 100%; height: auto; object-fit: contain; border-radius: 8px; box-shadow: 0 4px 8px rgba(0,0,0,0.1); transition: transform 0.3s ease;\" onmouseover=\"this.style.transform='scale(1.05)';\" onmouseout=\"this.style.transform='scale(1)';\">\n         \n        <\/div>\n\n        <div style=\"font-size: 1.1em; margin: 20px 0; text-align: justify;\">\n            <p>La reconocida cantante, compositora y guitarrista uruguaya <strong>Rossana Taddei<\/strong>, acompa\u00f1ada por el talentoso percusionista <strong>Gustavo Etchenique<\/strong>, presenta su proyecto <strong>MINIMALmambo<\/strong> en Barcelona.<\/p>\n            <p>Un espect\u00e1culo potente, din\u00e1mico y l\u00fadico, lleno de histrionismo, carisma e improvisaci\u00f3n. Con un repertorio ecl\u00e9ctico que fusiona folk, rock, jazz y ritmos latinoamericanos, este d\u00fao itinerante crea una atm\u00f3sfera \u00edntima y sorprendente que ha conquistado escenarios en Uruguay, Espa\u00f1a, Suiza, Brasil y muchos m\u00e1s pa\u00edses.<\/p>\n            <p>\u00a1Una oportunidad \u00fanica para disfrutar del mejor talento musical uruguayo en Europa!<\/p>\n        <\/div>\n\n        <div style=\"background-color: #f1f1f1; padding: 20px; border-radius: 8px; margin: 20px 0; text-align: justify;\">\n            <h2 style=\"text-align: left;\">Detalles del evento<\/h2>\n            <ul style=\"list-style: none; padding: 0;\">\n                <li><strong>Lugar:<\/strong> Librer\u00eda Byron - C\/ Casanova 32, Barcelona<\/li>\n                <li><strong>Fecha y hora:<\/strong> Mi\u00e9rcoles 14 de enero de 2026 - 20:00 horas<\/li>\n                <li><strong>Organizador:<\/strong> Byron Concerts<\/li>\n                <li><strong>Entradas disponibles:<\/strong>\n                    <ul>\n                        <li>Admisi\u00f3n General: 16,32 \u20ac<\/li>\n                        <li>Fila 3: 20,40 \u20ac<\/li>\n                        <li>Fila 2: 23,46 \u20ac<\/li>\n                        <li>Fila 1: 26,52 \u20ac<\/li>\n                    <\/ul>\n                <\/li>\n            <\/ul>\n        <\/div>\n\n        <div style=\"text-align: center; margin: 40px 0;\">\n            <a href=\"https:\/\/entradium.com\/es\/events\/rossana-tadei\" target=\"_blank\" style=\"display: inline-block; background-color: #007bff; color: #fff; padding: 15px 30px; font-size: 1.2em; text-decoration: none; border-radius: 5px; box-shadow: 0 4px 8px rgba(0,123,255,0.3);\">\u00a1Compra tus entradas ahora!<\/a>\n        <\/div>\n\n        <footer style=\"text-align: center; font-size: 0.9em; color: #777; margin-top: 40px; padding-top: 20px; border-top: 1px solid #eee;\">\n            <p>Difundiendo la cultura uruguaya<\/p>\n        <\/footer>\n    <\/div>\n    \n    \n\n\n<p>\u00a1Orgullo uruguayo en Espa\u00f1a! Dos grandes artistas de Uruguay llegan con su proyecto MINIMALmambo<\/p>\n","protected":false},"excerpt":{"rendered":"<p>\u00a1Orgullo uruguayo en Espa\u00f1a! Dos grandes artistas de Uruguay llegan con su proyecto MINIMALmambo<\/p>\n","protected":false},"author":6445,"featured_media":13440,"comment_status":"closed","ping_status":"closed","sticky":false,"template":"","format":"standard","meta":{"_kad_post_transparent":"","_kad_post_title":"","_kad_post_layout":"","_kad_post_sidebar_id":"","_kad_post_content_style":"","_kad_post_vertical_padding":"","_kad_post_feature":"","_kad_post_feature_position":"","_kad_post_header":false,"_kad_post_footer":false,"footnotes":""},"categories":[65],"tags":[],"class_list":["post-13433","post","type-post","status-publish","format-standard","has-post-thumbnail","hentry","category-eventos"],"_links":{"self":[{"href":"https:\/\/consuladouy-bcn.es\/httpdocs\/wp-json\/wp\/v2\/posts\/13433","targetHints":{"allow":["GET"]}}],"collection":[{"href":"https:\/\/consuladouy-bcn.es\/httpdocs\/wp-json\/wp\/v2\/posts"}],"about":[{"href":"https:\/\/consuladouy-bcn.es\/httpdocs\/wp-json\/wp\/v2\/types\/post"}],"author":[{"embeddable":true,"href":"https:\/\/consuladouy-bcn.es\/httpdocs\/wp-json\/wp\/v2\/users\/6445"}],"replies":[{"embeddable":true,"href":"https:\/\/consuladouy-bcn.es\/httpdocs\/wp-json\/wp\/v2\/comments?post=13433"}],"version-history":[{"count":6,"href":"https:\/\/consuladouy-bcn.es\/httpdocs\/wp-json\/wp\/v2\/posts\/13433\/revisions"}],"predecessor-version":[{"id":13442,"href":"https:\/\/consuladouy-bcn.es\/httpdocs\/wp-json\/wp\/v2\/posts\/13433\/revisions\/13442"}],"wp:featuredmedia":[{"embeddable":true,"href":"https:\/\/consuladouy-bcn.es\/httpdocs\/wp-json\/wp\/v2\/media\/13440"}],"wp:attachment":[{"href":"https:\/\/consuladouy-bcn.es\/httpdocs\/wp-json\/wp\/v2\/media?parent=13433"}],"wp:term":[{"taxonomy":"category","embeddable":true,"href":"https:\/\/consuladouy-bcn.es\/httpdocs\/wp-json\/wp\/v2\/categories?post=13433"},{"taxonomy":"post_tag","embeddable":true,"href":"https:\/\/consuladouy-bcn.es\/httpdocs\/wp-json\/wp\/v2\/tags?post=13433"}],"curies":[{"name":"wp","href":"https:\/\/api.w.org\/{rel}","templated":true}]}}