{"id":11119,"date":"2025-09-22T00:04:26","date_gmt":"2025-09-21T22:04:26","guid":{"rendered":"https:\/\/consuladouy-bcn.es\/httpdocs\/?p=11119"},"modified":"2025-09-22T00:07:55","modified_gmt":"2025-09-21T22:07:55","slug":"convocatoria-al-programa-ida-para-la-exportacion-de-literatura-uruguaya","status":"publish","type":"post","link":"https:\/\/consuladouy-bcn.es\/httpdocs\/convocatoria-al-programa-ida-para-la-exportacion-de-literatura-uruguaya\/","title":{"rendered":"Convocatoria al Programa IDA para la Exportaci\u00f3n de Literatura Uruguaya"},"content":{"rendered":"\t\t<div data-elementor-type=\"wp-post\" data-elementor-id=\"11119\" class=\"elementor elementor-11119\" data-elementor-post-type=\"post\">\n\t\t\t\t<div class=\"elementor-element elementor-element-8613ca4 e-flex e-con-boxed e-con e-parent\" data-id=\"8613ca4\" data-element_type=\"container\" data-e-type=\"container\">\n\t\t\t\t\t<div class=\"e-con-inner\">\n\t\t\t\t\t<\/div>\n\t\t\t\t<\/div>\n\t\t<div class=\"elementor-element elementor-element-7884d3f e-flex e-con-boxed e-con e-parent\" data-id=\"7884d3f\" data-element_type=\"container\" data-e-type=\"container\">\n\t\t\t\t\t<div class=\"e-con-inner\">\n\t\t\t\t<div class=\"elementor-element elementor-element-c02dca7 elementor-widget elementor-widget-heading\" data-id=\"c02dca7\" data-element_type=\"widget\" data-e-type=\"widget\" data-widget_type=\"heading.default\">\n\t\t\t\t<div class=\"elementor-widget-container\">\n\t\t\t\t\t<h2 class=\"elementor-heading-title elementor-size-default\">Convocatoria al Programa IDA para la Exportaci\u00f3n de Literatura Uruguaya<\/h2>\t\t\t\t<\/div>\n\t\t\t\t<\/div>\n\t\t\t\t\t<\/div>\n\t\t\t\t<\/div>\n\t\t<div class=\"elementor-element elementor-element-a4cff43 e-flex e-con-boxed e-con e-parent\" data-id=\"a4cff43\" data-element_type=\"container\" data-e-type=\"container\">\n\t\t\t\t\t<div class=\"e-con-inner\">\n\t\t\t\t<div class=\"elementor-element elementor-element-3bcc68b elementor-widget elementor-widget-text-editor\" data-id=\"3bcc68b\" data-element_type=\"widget\" data-e-type=\"widget\" data-widget_type=\"text-editor.default\">\n\t\t\t\t<div class=\"elementor-widget-container\">\n\t\t\t\t\t\t\t\t\t<p dir=\"ltr\" data-pm-slice=\"1 1 []\">La Agencia Uruguay XXI y el Ministerio de Educaci\u00f3n y Cultura convocan a un llamado p\u00fablico para participar en el Programa IDA, destinado a fomentar la exportaci\u00f3n de literatura uruguaya mediante el apoyo a la industria editorial a trav\u00e9s de la traducci\u00f3n.<\/p><h4 dir=\"ltr\">L\u00edneas de Apoyo<\/h4><p dir=\"ltr\">El programa cuenta con tres l\u00edneas de apoyo con fondos no reembolsables:<\/p><p dir=\"ltr\">A. Apoyo a la traducci\u00f3n de obras literarias de cualquier g\u00e9nero<\/p><ul class=\"tight\" dir=\"ltr\" data-tight=\"true\"><li><p dir=\"ltr\">Destinado a empresas extranjeras debidamente establecidas en sus pa\u00edses.<\/p><\/li><li><p dir=\"ltr\">Financiaci\u00f3n de hasta USD 2.500 por obra.<\/p><\/li><\/ul><p dir=\"ltr\">B. Apoyo para la traducci\u00f3n al idioma ingl\u00e9s de cat\u00e1logos y extractos\/cap\u00edtulos de obras literarias<\/p><ul class=\"tight\" dir=\"ltr\" data-tight=\"true\"><li><p dir=\"ltr\">Destinado a empresas nacionales debidamente establecidas en Uruguay.<\/p><\/li><\/ul><p dir=\"ltr\">C. Apoyo a la producci\u00f3n de audiolibros<\/p><ul class=\"tight\" dir=\"ltr\" data-tight=\"true\"><li><p dir=\"ltr\">Destinado a empresas nacionales debidamente establecidas en Uruguay.<\/p><\/li><\/ul><h4 dir=\"ltr\">Fondo Disponible<\/h4><p dir=\"ltr\">El programa cuenta con un fondo total de USD 18.500 (dieciocho mil quinientos d\u00f3lares estadounidenses), del cual se descontar\u00e1n los gastos bancarios derivados de las transferencias al exterior.<\/p><h3 dir=\"ltr\">M\u00e1s Informaci\u00f3n<\/h3><p dir=\"ltr\">Para informaci\u00f3n detallada y las bases de la convocatoria, consulte el siguiente enlace:<br \/><a href=\"https:\/\/www.uruguayxxi.gub.uy\/uploads\/estatico\/IDA%20Bases%20L%C3%ADnea%20A_2025.pdf\">https:\/\/www.uruguayxxi.gub.uy\/uploads\/estatico\/IDA%20Bases%20L%C3%ADnea%20A_2025.pdf<\/a><\/p>\t\t\t\t\t\t\t\t<\/div>\n\t\t\t\t<\/div>\n\t\t\t\t\t<\/div>\n\t\t\t\t<\/div>\n\t\t\t\t<\/div>\n\t\t","protected":false},"excerpt":{"rendered":"<p>Convocatoria al Programa IDA para la Exportaci\u00f3n de Literatura Uruguaya La Agencia Uruguay XXI y el Ministerio de Educaci\u00f3n y Cultura convocan a un llamado p\u00fablico para participar en el Programa IDA, destinado a fomentar la exportaci\u00f3n de literatura uruguaya mediante el apoyo a la industria editorial a trav\u00e9s de la traducci\u00f3n. L\u00edneas de Apoyo&#8230;<\/p>\n","protected":false},"author":6445,"featured_media":11126,"comment_status":"closed","ping_status":"closed","sticky":false,"template":"","format":"standard","meta":{"_kad_post_transparent":"","_kad_post_title":"","_kad_post_layout":"","_kad_post_sidebar_id":"","_kad_post_content_style":"","_kad_post_vertical_padding":"","_kad_post_feature":"","_kad_post_feature_position":"","_kad_post_header":false,"_kad_post_footer":false,"footnotes":""},"categories":[72],"tags":[],"class_list":["post-11119","post","type-post","status-publish","format-standard","has-post-thumbnail","hentry","category-convocatoria"],"_links":{"self":[{"href":"https:\/\/consuladouy-bcn.es\/httpdocs\/wp-json\/wp\/v2\/posts\/11119","targetHints":{"allow":["GET"]}}],"collection":[{"href":"https:\/\/consuladouy-bcn.es\/httpdocs\/wp-json\/wp\/v2\/posts"}],"about":[{"href":"https:\/\/consuladouy-bcn.es\/httpdocs\/wp-json\/wp\/v2\/types\/post"}],"author":[{"embeddable":true,"href":"https:\/\/consuladouy-bcn.es\/httpdocs\/wp-json\/wp\/v2\/users\/6445"}],"replies":[{"embeddable":true,"href":"https:\/\/consuladouy-bcn.es\/httpdocs\/wp-json\/wp\/v2\/comments?post=11119"}],"version-history":[{"count":4,"href":"https:\/\/consuladouy-bcn.es\/httpdocs\/wp-json\/wp\/v2\/posts\/11119\/revisions"}],"predecessor-version":[{"id":11124,"href":"https:\/\/consuladouy-bcn.es\/httpdocs\/wp-json\/wp\/v2\/posts\/11119\/revisions\/11124"}],"wp:featuredmedia":[{"embeddable":true,"href":"https:\/\/consuladouy-bcn.es\/httpdocs\/wp-json\/wp\/v2\/media\/11126"}],"wp:attachment":[{"href":"https:\/\/consuladouy-bcn.es\/httpdocs\/wp-json\/wp\/v2\/media?parent=11119"}],"wp:term":[{"taxonomy":"category","embeddable":true,"href":"https:\/\/consuladouy-bcn.es\/httpdocs\/wp-json\/wp\/v2\/categories?post=11119"},{"taxonomy":"post_tag","embeddable":true,"href":"https:\/\/consuladouy-bcn.es\/httpdocs\/wp-json\/wp\/v2\/tags?post=11119"}],"curies":[{"name":"wp","href":"https:\/\/api.w.org\/{rel}","templated":true}]}}