{"id":11061,"date":"2025-09-12T21:41:39","date_gmt":"2025-09-12T19:41:39","guid":{"rendered":"https:\/\/consuladouy-bcn.es\/httpdocs\/?p=11061"},"modified":"2025-09-12T21:45:20","modified_gmt":"2025-09-12T19:45:20","slug":"8a-edicion-del-premio-de-divulgacion-y-periodismo-cientifico-del-mercosur","status":"publish","type":"post","link":"https:\/\/consuladouy-bcn.es\/httpdocs\/8a-edicion-del-premio-de-divulgacion-y-periodismo-cientifico-del-mercosur\/","title":{"rendered":"8\u00aa Edici\u00f3n del Premio de Divulgaci\u00f3n y Periodismo Cient\u00edfico del MERCOSUR"},"content":{"rendered":"\t\t<div data-elementor-type=\"wp-post\" data-elementor-id=\"11061\" class=\"elementor elementor-11061\" data-elementor-post-type=\"post\">\n\t\t\t\t<div class=\"elementor-element elementor-element-a0d9cf3 e-flex e-con-boxed e-con e-parent\" data-id=\"a0d9cf3\" data-element_type=\"container\" data-e-type=\"container\">\n\t\t\t\t\t<div class=\"e-con-inner\">\n\t\t\t\t<div class=\"elementor-element elementor-element-c07aba8 elementor-widget elementor-widget-heading\" data-id=\"c07aba8\" data-element_type=\"widget\" data-e-type=\"widget\" data-widget_type=\"heading.default\">\n\t\t\t\t<div class=\"elementor-widget-container\">\n\t\t\t\t\t<h2 class=\"elementor-heading-title elementor-size-default\"><h1 dir=\"ltr\" data-pm-slice=\"1 1 []\">8\u00aa Edici\u00f3n del Premio de Divulgaci\u00f3n y Periodismo Cient\u00edfico del MERCOSUR<span style=\"font-size: 28px\"><\/span><\/h1><\/h2>\t\t\t\t<\/div>\n\t\t\t\t<\/div>\n\t\t\t\t\t<\/div>\n\t\t\t\t<\/div>\n\t\t<div class=\"elementor-element elementor-element-4f77c05 e-flex e-con-boxed e-con e-parent\" data-id=\"4f77c05\" data-element_type=\"container\" data-e-type=\"container\">\n\t\t\t\t\t<div class=\"e-con-inner\">\n\t\t\t\t<div class=\"elementor-element elementor-element-a6461c5 elementor-widget elementor-widget-text-editor\" data-id=\"a6461c5\" data-element_type=\"widget\" data-e-type=\"widget\" data-widget_type=\"text-editor.default\">\n\t\t\t\t<div class=\"elementor-widget-container\">\n\t\t\t\t\t\t\t\t\t<p dir=\"ltr\" data-pm-slice=\"1 1 []\">La Reuni\u00f3n Especializada en Ciencia y Tecnolog\u00eda del MERCOSUR (RECyT) anuncia el lanzamiento de la <strong>8\u00aa Edici\u00f3n del Premio de Divulgaci\u00f3n y Periodismo Cient\u00edfico del MERCOSUR<\/strong>, organizado por el <strong>Consejo Nacional de Ciencia y Tecnolog\u00eda (CONACYT)<\/strong> de Paraguay, con el apoyo de la <strong>UNESCO<\/strong>.<\/p><h2 dir=\"ltr\">Objetivos del Premio<\/h2><ul class=\"tight\" dir=\"ltr\" data-tight=\"true\"><li><p dir=\"ltr\">Promover la comunicaci\u00f3n de la ciencia y la tecnolog\u00eda en el MERCOSUR para su apropiaci\u00f3n por la sociedad.<\/p><\/li><li><p dir=\"ltr\">Estimular la presencia de temas cient\u00edfico-t\u00e9cnicos en los medios de comunicaci\u00f3n.<\/p><\/li><li><p dir=\"ltr\">Fomentar la participaci\u00f3n de j\u00f3venes en actividades de comunicaci\u00f3n cient\u00edfica.<\/p><\/li><li><p dir=\"ltr\">Contribuir a la integraci\u00f3n regional entre los pa\u00edses miembros y asociados.<\/p><\/li><\/ul><h2 dir=\"ltr\">Tema de la Edici\u00f3n<\/h2><p dir=\"ltr\">El eje tem\u00e1tico de este a\u00f1o es <strong>\u201cAgua, Suelo y Aire\u201d<\/strong>, con un enfoque en los desaf\u00edos ambientales de la regi\u00f3n, como la contaminaci\u00f3n h\u00eddrica, la degradaci\u00f3n del suelo, la deforestaci\u00f3n y la calidad del aire vinculada a la salud p\u00fablica.<\/p><h2 dir=\"ltr\">Modalidades de Participaci\u00f3n<\/h2><ol class=\"tight\" dir=\"ltr\" data-tight=\"true\"><li><p dir=\"ltr\"><strong>Escrita<\/strong>: Categor\u00edas Profesionales y Estudiantes.<\/p><\/li><li><p dir=\"ltr\"><strong>Fotogr\u00e1fica<\/strong>: Categor\u00edas Profesionales y Aficionados.<\/p><\/li><li><p dir=\"ltr\"><strong>Redes Sociales<\/strong>: Categor\u00eda Divulgador (tem\u00e1tica libre, relacionada con ciencia o tecnolog\u00eda).<\/p><\/li><\/ol><h2 dir=\"ltr\">Inscripciones<\/h2><ul class=\"tight\" dir=\"ltr\" data-tight=\"true\"><li><p dir=\"ltr\"><strong>Plazo<\/strong>: Hasta las 15:00 horas del <strong>29 de septiembre de 2025<\/strong>.<\/p><\/li><li><p dir=\"ltr\"><strong>C\u00f3mo participar<\/strong>: A trav\u00e9s del Sistema de Postulaci\u00f3n a Instrumentos (SPI) de CONACYT en: <a href=\"https:\/\/spi.conacyt.gov.py\/user\">https:\/\/spi.conacyt.gov.py\/user<\/a>.<\/p><\/li><\/ul><h2 dir=\"ltr\">M\u00e1s Informaci\u00f3n<\/h2><p dir=\"ltr\">Consulte la convocatoria oficial en la p\u00e1gina web del <strong>Ministerio de Educaci\u00f3n y Cultura de Uruguay<\/strong>: <a href=\"https:\/\/www.gub.uy\/ministerio-educacion-cultura\/comunicacion\/noticias\/viii-premio-divulgacion-yperiodismo-cientifico-mercosur-n\">https:\/\/www.gub.uy\/ministerio-educacion-cultura\/comunicacion\/noticias\/viii-premio-divulgacion-yperiodismo-cientifico-mercosur-n.<\/a><\/p><p dir=\"ltr\">\u00a0<\/p>\t\t\t\t\t\t\t\t<\/div>\n\t\t\t\t<\/div>\n\t\t\t\t\t<\/div>\n\t\t\t\t<\/div>\n\t\t<div class=\"elementor-element elementor-element-d5e6936 e-flex e-con-boxed e-con e-parent\" data-id=\"d5e6936\" data-element_type=\"container\" data-e-type=\"container\">\n\t\t\t\t\t<div class=\"e-con-inner\">\n\t\t\t\t<div class=\"elementor-element elementor-element-0ba7fe1 elementor-widget elementor-widget-image\" data-id=\"0ba7fe1\" data-element_type=\"widget\" data-e-type=\"widget\" data-widget_type=\"image.default\">\n\t\t\t\t<div class=\"elementor-widget-container\">\n\t\t\t\t\t\t\t\t\t\t\t\t\t\t\t<img fetchpriority=\"high\" decoding=\"async\" width=\"1024\" height=\"1024\" src=\"https:\/\/consuladouy-bcn.es\/wp-content\/uploads\/2025\/09\/DIVM08-RRSS2-1024x1024.png\" class=\"attachment-large size-large wp-image-11062\" alt=\"\" srcset=\"https:\/\/consuladouy-bcn.es\/wp-content\/uploads\/2025\/09\/DIVM08-RRSS2-1024x1024.png 1024w, https:\/\/consuladouy-bcn.es\/wp-content\/uploads\/2025\/09\/DIVM08-RRSS2-300x300.png 300w, https:\/\/consuladouy-bcn.es\/wp-content\/uploads\/2025\/09\/DIVM08-RRSS2-150x150.png 150w, https:\/\/consuladouy-bcn.es\/wp-content\/uploads\/2025\/09\/DIVM08-RRSS2-768x768.png 768w, https:\/\/consuladouy-bcn.es\/wp-content\/uploads\/2025\/09\/DIVM08-RRSS2.png 1080w\" sizes=\"(max-width: 1024px) 100vw, 1024px\" \/>\t\t\t\t\t\t\t\t\t\t\t\t\t\t\t<\/div>\n\t\t\t\t<\/div>\n\t\t\t\t\t<\/div>\n\t\t\t\t<\/div>\n\t\t\t\t<\/div>\n\t\t","protected":false},"excerpt":{"rendered":"<p>8\u00aa Edici\u00f3n del Premio de Divulgaci\u00f3n y Periodismo Cient\u00edfico del MERCOSUR La Reuni\u00f3n Especializada en Ciencia y Tecnolog\u00eda del MERCOSUR (RECyT) anuncia el lanzamiento de la 8\u00aa Edici\u00f3n del Premio de Divulgaci\u00f3n y Periodismo Cient\u00edfico del MERCOSUR, organizado por el Consejo Nacional de Ciencia y Tecnolog\u00eda (CONACYT) de Paraguay, con el apoyo de la UNESCO&#8230;.<\/p>\n","protected":false},"author":6445,"featured_media":11062,"comment_status":"closed","ping_status":"closed","sticky":false,"template":"","format":"standard","meta":{"_kad_post_transparent":"","_kad_post_title":"","_kad_post_layout":"","_kad_post_sidebar_id":"","_kad_post_content_style":"","_kad_post_vertical_padding":"","_kad_post_feature":"","_kad_post_feature_position":"","_kad_post_header":false,"_kad_post_footer":false,"footnotes":""},"categories":[72],"tags":[],"class_list":["post-11061","post","type-post","status-publish","format-standard","has-post-thumbnail","hentry","category-convocatoria"],"_links":{"self":[{"href":"https:\/\/consuladouy-bcn.es\/httpdocs\/wp-json\/wp\/v2\/posts\/11061","targetHints":{"allow":["GET"]}}],"collection":[{"href":"https:\/\/consuladouy-bcn.es\/httpdocs\/wp-json\/wp\/v2\/posts"}],"about":[{"href":"https:\/\/consuladouy-bcn.es\/httpdocs\/wp-json\/wp\/v2\/types\/post"}],"author":[{"embeddable":true,"href":"https:\/\/consuladouy-bcn.es\/httpdocs\/wp-json\/wp\/v2\/users\/6445"}],"replies":[{"embeddable":true,"href":"https:\/\/consuladouy-bcn.es\/httpdocs\/wp-json\/wp\/v2\/comments?post=11061"}],"version-history":[{"count":4,"href":"https:\/\/consuladouy-bcn.es\/httpdocs\/wp-json\/wp\/v2\/posts\/11061\/revisions"}],"predecessor-version":[{"id":11067,"href":"https:\/\/consuladouy-bcn.es\/httpdocs\/wp-json\/wp\/v2\/posts\/11061\/revisions\/11067"}],"wp:featuredmedia":[{"embeddable":true,"href":"https:\/\/consuladouy-bcn.es\/httpdocs\/wp-json\/wp\/v2\/media\/11062"}],"wp:attachment":[{"href":"https:\/\/consuladouy-bcn.es\/httpdocs\/wp-json\/wp\/v2\/media?parent=11061"}],"wp:term":[{"taxonomy":"category","embeddable":true,"href":"https:\/\/consuladouy-bcn.es\/httpdocs\/wp-json\/wp\/v2\/categories?post=11061"},{"taxonomy":"post_tag","embeddable":true,"href":"https:\/\/consuladouy-bcn.es\/httpdocs\/wp-json\/wp\/v2\/tags?post=11061"}],"curies":[{"name":"wp","href":"https:\/\/api.w.org\/{rel}","templated":true}]}}