{"id":10878,"date":"2025-07-08T13:54:28","date_gmt":"2025-07-08T11:54:28","guid":{"rendered":"https:\/\/consuladouy-bcn.es\/httpdocs\/?p=10878"},"modified":"2025-07-08T13:58:23","modified_gmt":"2025-07-08T11:58:23","slug":"actividad-cultural-en-el-marco-del-11o-aniversario-del-grupo-taller-de-danzas-tradicionales","status":"publish","type":"post","link":"https:\/\/consuladouy-bcn.es\/httpdocs\/actividad-cultural-en-el-marco-del-11o-aniversario-del-grupo-taller-de-danzas-tradicionales\/","title":{"rendered":"Actividad Cultural en el marco del 11\u00ba Aniversario del Grupo Taller de Danzas Tradicionales."},"content":{"rendered":"\t\t<div data-elementor-type=\"wp-post\" data-elementor-id=\"10878\" class=\"elementor elementor-10878\" data-elementor-post-type=\"post\">\n\t\t\t\t<div class=\"elementor-element elementor-element-ebd00ff e-flex e-con-boxed e-con e-parent\" data-id=\"ebd00ff\" data-element_type=\"container\" data-e-type=\"container\">\n\t\t\t\t\t<div class=\"e-con-inner\">\n\t\t\t\t<div class=\"elementor-element elementor-element-77cb4f0 elementor-widget elementor-widget-heading\" data-id=\"77cb4f0\" data-element_type=\"widget\" data-e-type=\"widget\" data-widget_type=\"heading.default\">\n\t\t\t\t<div class=\"elementor-widget-container\">\n\t\t\t\t\t<h2 class=\"elementor-heading-title elementor-size-default\">Actividad Cultural en el marco del 11\u00ba Aniversario del Grupo Taller de Danzas Tradicionales.<\/h2>\t\t\t\t<\/div>\n\t\t\t\t<\/div>\n\t\t\t\t\t<\/div>\n\t\t\t\t<\/div>\n\t\t<div class=\"elementor-element elementor-element-09af332 e-flex e-con-boxed e-con e-parent\" data-id=\"09af332\" data-element_type=\"container\" data-e-type=\"container\">\n\t\t\t\t\t<div class=\"e-con-inner\">\n\t\t\t\t<div class=\"elementor-element elementor-element-10077ad elementor-widget elementor-widget-text-editor\" data-id=\"10077ad\" data-element_type=\"widget\" data-e-type=\"widget\" data-widget_type=\"text-editor.default\">\n\t\t\t\t<div class=\"elementor-widget-container\">\n\t\t\t\t\t\t\t\t\t<div dir=\"auto\" style=\"color: #212121; font-family: wf_segoe-ui_normal, 'Segoe UI', 'Segoe WP', Tahoma, Arial, sans-serif, serif, EmojiFont; font-size: 15px;\"><span style=\"color: #000000; font-family: 'arial narrow', sans-serif, serif, EmojiFont;\"><span style=\"font-size: large;\">Se extiende la Invitaci\u00f3n de la Asociaci\u00f3n Uruguayo Catalana \u00abLos Botijas\u00bb a la\u00a0Actividad Cultural en el marco del 11\u00ba Aniversario del Grupo Taller de Danzas Tradicionales<span style=\"font-size: small;\">.<\/span><\/span><\/span><\/div><div dir=\"auto\" style=\"color: #212121; font-family: wf_segoe-ui_normal, 'Segoe UI', 'Segoe WP', Tahoma, Arial, sans-serif, serif, EmojiFont; font-size: 15px;\">\u00a0<\/div><div dir=\"auto\"><div style=\"color: #000000; font-family: 'arial narrow', sans-serif, serif, EmojiFont; font-size: 15px;\"><span style=\"font-size: large;\">El Ceibo nace un 24 de Julio de 2014 en el seno de la Asociaci\u00f3n Uruguayo\u00a0Catalana Los Botijas, para la Difusi\u00f3n de la Cultura de Origen, en \u00e9ste caso a trav\u00e9s de la Danza Tradicional Folcl\u00f3rica y otros g\u00e9neros.<\/span><\/div><div><div><span style=\"color: #000000; font-family: arial narrow, sans-serif, serif, EmojiFont; font-size: large;\">\u00a0<\/span><\/div><div style=\"text-align: center;\"><span style=\"color: #000000; font-family: arial narrow, sans-serif, serif, EmojiFont; font-size: large;\">Actividad con Aforo Limitado<\/span><div><span style=\"color: #000000; font-family: arial narrow, sans-serif, serif, EmojiFont; font-size: large;\">Por informaci\u00f3n contactar al tel\u00e9fono: 630 230 772<\/span><\/div><div><span style=\"color: #000000; font-family: arial narrow, sans-serif, serif, EmojiFont; font-size: large;\">Casal de Barri La Verneda &#8211; Sant Mart\u00ed, Barcelona<\/span><\/div><div><span style=\"color: #000000; font-family: arial narrow, sans-serif, serif, EmojiFont; font-size: large;\">Pasaje de la Ferradura 3<\/span><\/div><span style=\"color: #000000; font-family: arial narrow, sans-serif, serif, EmojiFont; font-size: large;\">(Entrada por Puerta detr\u00e1s del Casal)<\/span><span style=\"color: #000000; font-family: 'arial narrow', sans-serif, serif, EmojiFont; font-size: large;\">.<\/span><\/div><\/div><div style=\"color: #000000; font-family: 'arial narrow', sans-serif, serif, EmojiFont; font-size: 15px;\"><span style=\"font-size: large;\">\u00a0<\/span><\/div><div style=\"color: #000000; font-family: 'arial narrow', sans-serif, serif, EmojiFont; font-size: 15px;\"><span style=\"font-size: large;\">\u00a0\u00a0<\/span><\/div><div style=\"color: #000000; font-family: 'arial narrow', sans-serif, serif, EmojiFont; font-size: 15px;\"><span style=\"font-size: large;\">\u00a0<\/span><\/div><div style=\"color: #000000; font-family: 'arial narrow', sans-serif, serif, EmojiFont; font-size: 15px;\"><div>\u00a0<\/div><p>\u00a0<\/p><\/div><\/div>\t\t\t\t\t\t\t\t<\/div>\n\t\t\t\t<\/div>\n\t\t\t\t\t<\/div>\n\t\t\t\t<\/div>\n\t\t<div class=\"elementor-element elementor-element-c901d81 e-flex e-con-boxed e-con e-parent\" data-id=\"c901d81\" data-element_type=\"container\" data-e-type=\"container\">\n\t\t\t\t\t<div class=\"e-con-inner\">\n\t\t\t\t<div class=\"elementor-element elementor-element-bcd3f8a elementor-widget elementor-widget-image\" data-id=\"bcd3f8a\" data-element_type=\"widget\" data-e-type=\"widget\" data-widget_type=\"image.default\">\n\t\t\t\t<div class=\"elementor-widget-container\">\n\t\t\t\t\t\t\t\t\t\t\t\t\t\t\t<img fetchpriority=\"high\" decoding=\"async\" width=\"731\" height=\"1024\" src=\"https:\/\/consuladouy-bcn.es\/wp-content\/uploads\/2025\/07\/CARTEL-PROVISIONAL-731x1024.jpg\" class=\"attachment-large size-large wp-image-10879\" alt=\"\" srcset=\"https:\/\/consuladouy-bcn.es\/wp-content\/uploads\/2025\/07\/CARTEL-PROVISIONAL-731x1024.jpg 731w, https:\/\/consuladouy-bcn.es\/wp-content\/uploads\/2025\/07\/CARTEL-PROVISIONAL-214x300.jpg 214w, https:\/\/consuladouy-bcn.es\/wp-content\/uploads\/2025\/07\/CARTEL-PROVISIONAL-768x1076.jpg 768w, https:\/\/consuladouy-bcn.es\/wp-content\/uploads\/2025\/07\/CARTEL-PROVISIONAL-1097x1536.jpg 1097w, https:\/\/consuladouy-bcn.es\/wp-content\/uploads\/2025\/07\/CARTEL-PROVISIONAL-1462x2048.jpg 1462w, https:\/\/consuladouy-bcn.es\/wp-content\/uploads\/2025\/07\/CARTEL-PROVISIONAL-scaled.jpg 1828w\" sizes=\"(max-width: 731px) 100vw, 731px\" \/>\t\t\t\t\t\t\t\t\t\t\t\t\t\t\t<\/div>\n\t\t\t\t<\/div>\n\t\t\t\t\t<\/div>\n\t\t\t\t<\/div>\n\t\t\t\t<\/div>\n\t\t","protected":false},"excerpt":{"rendered":"<p>Actividad Cultural en el marco del 11\u00ba Aniversario del Grupo Taller de Danzas Tradicionales. Se extiende la Invitaci\u00f3n de la Asociaci\u00f3n Uruguayo Catalana \u00abLos Botijas\u00bb a la\u00a0Actividad Cultural en el marco del 11\u00ba Aniversario del Grupo Taller de Danzas Tradicionales.\u00a0El Ceibo nace un 24 de Julio de 2014 en el seno de la Asociaci\u00f3n Uruguayo\u00a0Catalana&#8230;<\/p>\n","protected":false},"author":6445,"featured_media":10879,"comment_status":"closed","ping_status":"closed","sticky":false,"template":"","format":"standard","meta":{"_kad_post_transparent":"","_kad_post_title":"","_kad_post_layout":"","_kad_post_sidebar_id":"","_kad_post_content_style":"","_kad_post_vertical_padding":"","_kad_post_feature":"","_kad_post_feature_position":"","_kad_post_header":false,"_kad_post_footer":false,"footnotes":""},"categories":[13,65],"tags":[],"class_list":["post-10878","post","type-post","status-publish","format-standard","has-post-thumbnail","hentry","category-culturales","category-eventos"],"_links":{"self":[{"href":"https:\/\/consuladouy-bcn.es\/httpdocs\/wp-json\/wp\/v2\/posts\/10878","targetHints":{"allow":["GET"]}}],"collection":[{"href":"https:\/\/consuladouy-bcn.es\/httpdocs\/wp-json\/wp\/v2\/posts"}],"about":[{"href":"https:\/\/consuladouy-bcn.es\/httpdocs\/wp-json\/wp\/v2\/types\/post"}],"author":[{"embeddable":true,"href":"https:\/\/consuladouy-bcn.es\/httpdocs\/wp-json\/wp\/v2\/users\/6445"}],"replies":[{"embeddable":true,"href":"https:\/\/consuladouy-bcn.es\/httpdocs\/wp-json\/wp\/v2\/comments?post=10878"}],"version-history":[{"count":4,"href":"https:\/\/consuladouy-bcn.es\/httpdocs\/wp-json\/wp\/v2\/posts\/10878\/revisions"}],"predecessor-version":[{"id":10884,"href":"https:\/\/consuladouy-bcn.es\/httpdocs\/wp-json\/wp\/v2\/posts\/10878\/revisions\/10884"}],"wp:featuredmedia":[{"embeddable":true,"href":"https:\/\/consuladouy-bcn.es\/httpdocs\/wp-json\/wp\/v2\/media\/10879"}],"wp:attachment":[{"href":"https:\/\/consuladouy-bcn.es\/httpdocs\/wp-json\/wp\/v2\/media?parent=10878"}],"wp:term":[{"taxonomy":"category","embeddable":true,"href":"https:\/\/consuladouy-bcn.es\/httpdocs\/wp-json\/wp\/v2\/categories?post=10878"},{"taxonomy":"post_tag","embeddable":true,"href":"https:\/\/consuladouy-bcn.es\/httpdocs\/wp-json\/wp\/v2\/tags?post=10878"}],"curies":[{"name":"wp","href":"https:\/\/api.w.org\/{rel}","templated":true}]}}