{"id":10650,"date":"2025-05-28T12:36:09","date_gmt":"2025-05-28T10:36:09","guid":{"rendered":"https:\/\/consuladouy-bcn.es\/httpdocs\/?p=10650"},"modified":"2025-05-28T12:39:01","modified_gmt":"2025-05-28T10:39:01","slug":"evento-convivencia-en-la-diversidad-cultural","status":"publish","type":"post","link":"https:\/\/consuladouy-bcn.es\/httpdocs\/evento-convivencia-en-la-diversidad-cultural\/","title":{"rendered":"Evento Convivencia en la Diversidad Cultural"},"content":{"rendered":"\t\t<div data-elementor-type=\"wp-post\" data-elementor-id=\"10650\" class=\"elementor elementor-10650\" data-elementor-post-type=\"post\">\n\t\t\t\t<div class=\"elementor-element elementor-element-7b313f6 e-flex e-con-boxed e-con e-parent\" data-id=\"7b313f6\" data-element_type=\"container\" data-e-type=\"container\">\n\t\t\t\t\t<div class=\"e-con-inner\">\n\t\t\t\t<div class=\"elementor-element elementor-element-e6e3c6a elementor-widget elementor-widget-heading\" data-id=\"e6e3c6a\" data-element_type=\"widget\" data-e-type=\"widget\" data-widget_type=\"heading.default\">\n\t\t\t\t<div class=\"elementor-widget-container\">\n\t\t\t\t\t<h2 class=\"elementor-heading-title elementor-size-default\">Evento Convivencia en la Diversidad Cultural<\/h2>\t\t\t\t<\/div>\n\t\t\t\t<\/div>\n\t\t\t\t\t<\/div>\n\t\t\t\t<\/div>\n\t\t<div class=\"elementor-element elementor-element-8977422 e-flex e-con-boxed e-con e-parent\" data-id=\"8977422\" data-element_type=\"container\" data-e-type=\"container\">\n\t\t\t\t\t<div class=\"e-con-inner\">\n\t\t\t\t<div class=\"elementor-element elementor-element-5682aa7 elementor-widget elementor-widget-text-editor\" data-id=\"5682aa7\" data-element_type=\"widget\" data-e-type=\"widget\" data-widget_type=\"text-editor.default\">\n\t\t\t\t<div class=\"elementor-widget-container\">\n\t\t\t\t\t\t\t\t\t<p>Se difunde evento promovido por la Asociaci\u00f3n Uruguayo Catalana Los Botijas de Convivencia en la Diversidad Cultural el pr\u00f3ximo viernes 6 de junio 20 horas en el Casal Ca L&#8217;isidret, Carrer Josep Pla 174, Sant Mart\u00ed, Barcelona<\/p>\t\t\t\t\t\t\t\t<\/div>\n\t\t\t\t<\/div>\n\t\t\t\t\t<\/div>\n\t\t\t\t<\/div>\n\t\t<div class=\"elementor-element elementor-element-31ab53d e-flex e-con-boxed e-con e-parent\" data-id=\"31ab53d\" data-element_type=\"container\" data-e-type=\"container\">\n\t\t\t\t\t<div class=\"e-con-inner\">\n\t\t\t\t<div class=\"elementor-element elementor-element-38caa0b elementor-widget elementor-widget-image\" data-id=\"38caa0b\" data-element_type=\"widget\" data-e-type=\"widget\" data-widget_type=\"image.default\">\n\t\t\t\t<div class=\"elementor-widget-container\">\n\t\t\t\t\t\t\t\t\t\t\t\t\t\t\t<img fetchpriority=\"high\" decoding=\"async\" width=\"766\" height=\"736\" src=\"https:\/\/consuladouy-bcn.es\/wp-content\/uploads\/2025\/05\/recorte-6-06.png\" class=\"attachment-large size-large wp-image-10651\" alt=\"\" srcset=\"https:\/\/consuladouy-bcn.es\/wp-content\/uploads\/2025\/05\/recorte-6-06.png 766w, https:\/\/consuladouy-bcn.es\/wp-content\/uploads\/2025\/05\/recorte-6-06-300x288.png 300w\" sizes=\"(max-width: 766px) 100vw, 766px\" \/>\t\t\t\t\t\t\t\t\t\t\t\t\t\t\t<\/div>\n\t\t\t\t<\/div>\n\t\t\t\t\t<\/div>\n\t\t\t\t<\/div>\n\t\t\t\t<\/div>\n\t\t","protected":false},"excerpt":{"rendered":"<p>Evento Convivencia en la Diversidad Cultural Se difunde evento promovido por la Asociaci\u00f3n Uruguayo Catalana Los Botijas de Convivencia en la Diversidad Cultural el pr\u00f3ximo viernes 6 de junio 20 horas en el Casal Ca L&#8217;isidret, Carrer Josep Pla 174, Sant Mart\u00ed, Barcelona<\/p>\n","protected":false},"author":6445,"featured_media":10651,"comment_status":"closed","ping_status":"closed","sticky":false,"template":"","format":"standard","meta":{"_kad_post_transparent":"","_kad_post_title":"","_kad_post_layout":"","_kad_post_sidebar_id":"","_kad_post_content_style":"","_kad_post_vertical_padding":"","_kad_post_feature":"","_kad_post_feature_position":"","_kad_post_header":false,"_kad_post_footer":false,"footnotes":""},"categories":[13,65],"tags":[],"class_list":["post-10650","post","type-post","status-publish","format-standard","has-post-thumbnail","hentry","category-culturales","category-eventos"],"_links":{"self":[{"href":"https:\/\/consuladouy-bcn.es\/httpdocs\/wp-json\/wp\/v2\/posts\/10650","targetHints":{"allow":["GET"]}}],"collection":[{"href":"https:\/\/consuladouy-bcn.es\/httpdocs\/wp-json\/wp\/v2\/posts"}],"about":[{"href":"https:\/\/consuladouy-bcn.es\/httpdocs\/wp-json\/wp\/v2\/types\/post"}],"author":[{"embeddable":true,"href":"https:\/\/consuladouy-bcn.es\/httpdocs\/wp-json\/wp\/v2\/users\/6445"}],"replies":[{"embeddable":true,"href":"https:\/\/consuladouy-bcn.es\/httpdocs\/wp-json\/wp\/v2\/comments?post=10650"}],"version-history":[{"count":4,"href":"https:\/\/consuladouy-bcn.es\/httpdocs\/wp-json\/wp\/v2\/posts\/10650\/revisions"}],"predecessor-version":[{"id":10655,"href":"https:\/\/consuladouy-bcn.es\/httpdocs\/wp-json\/wp\/v2\/posts\/10650\/revisions\/10655"}],"wp:featuredmedia":[{"embeddable":true,"href":"https:\/\/consuladouy-bcn.es\/httpdocs\/wp-json\/wp\/v2\/media\/10651"}],"wp:attachment":[{"href":"https:\/\/consuladouy-bcn.es\/httpdocs\/wp-json\/wp\/v2\/media?parent=10650"}],"wp:term":[{"taxonomy":"category","embeddable":true,"href":"https:\/\/consuladouy-bcn.es\/httpdocs\/wp-json\/wp\/v2\/categories?post=10650"},{"taxonomy":"post_tag","embeddable":true,"href":"https:\/\/consuladouy-bcn.es\/httpdocs\/wp-json\/wp\/v2\/tags?post=10650"}],"curies":[{"name":"wp","href":"https:\/\/api.w.org\/{rel}","templated":true}]}}