{"id":10027,"date":"2024-11-21T01:26:38","date_gmt":"2024-11-21T00:26:38","guid":{"rendered":"https:\/\/consuladouy-bcn.es\/httpdocs\/?p=10027"},"modified":"2024-11-23T04:11:28","modified_gmt":"2024-11-23T03:11:28","slug":"pax-in-lucem-documental-sobre-torres-garcia-festival-de-documentales-de-arte","status":"publish","type":"post","link":"https:\/\/consuladouy-bcn.es\/httpdocs\/pax-in-lucem-documental-sobre-torres-garcia-festival-de-documentales-de-arte\/","title":{"rendered":"Pax In Lucem &#8211; Documental sobre Torres Garc\u00eda &#8211; Festival de Documentales de Arte"},"content":{"rendered":"\t\t<div data-elementor-type=\"wp-post\" data-elementor-id=\"10027\" class=\"elementor elementor-10027\" data-elementor-post-type=\"post\">\n\t\t\t\t<div class=\"elementor-element elementor-element-b110514 e-flex e-con-boxed e-con e-parent\" data-id=\"b110514\" data-element_type=\"container\" data-e-type=\"container\">\n\t\t\t\t\t<div class=\"e-con-inner\">\n\t\t\t\t<div class=\"elementor-element elementor-element-dddee83 elementor-widget elementor-widget-heading\" data-id=\"dddee83\" data-element_type=\"widget\" data-e-type=\"widget\" data-widget_type=\"heading.default\">\n\t\t\t\t<div class=\"elementor-widget-container\">\n\t\t\t\t\t<h2 class=\"elementor-heading-title elementor-size-default\"><h3 style=\"margin-bottom: 25px;font-size: 21px\"><a href=\"https:\/\/consuladouy-bcn.es\/httpdocs\/pax-in-lucem-documental-sobre-torres-garcia-festival-de-documentales-de-arte\/\">Pax In Lucem \u2013 Documental sobre Torres Garc\u00eda \u2013 Festival de Documentales de Arte<\/a><span style=\"color: var(--global-palette3);font-family: var(--global-heading-font-family);font-size: 28px;text-align: var(--text-align)\"><\/span><\/h3><\/h2>\t\t\t\t<\/div>\n\t\t\t\t<\/div>\n\t\t\t\t\t<\/div>\n\t\t\t\t<\/div>\n\t\t<div class=\"elementor-element elementor-element-c7f8710 e-flex e-con-boxed e-con e-parent\" data-id=\"c7f8710\" data-element_type=\"container\" data-e-type=\"container\">\n\t\t\t\t\t<div class=\"e-con-inner\">\n\t\t\t\t<div class=\"elementor-element elementor-element-04bb463 elementor-widget elementor-widget-text-editor\" data-id=\"04bb463\" data-element_type=\"widget\" data-e-type=\"widget\" data-widget_type=\"text-editor.default\">\n\t\t\t\t<div class=\"elementor-widget-container\">\n\t\t\t\t\t\t\t\t\t<p><span style=\"color: #000000; font-family: Arial, Helvetica, sans-serif, EmojiFont, 'Apple Color Emoji', 'Segoe UI Emoji', NotoColorEmoji, 'Segoe UI Symbol', 'Android Emoji', EmojiSymbols; font-size: 14.6667px;\">Se pone en conocimiento de la Proyecci\u00f3n de la pel\u00edcula <b>Pax in Lucem&nbsp;<\/b>dirigida por el uruguayo Emiliano Mazza de Luca,&nbsp;el pr\u00f3ximo&nbsp;<\/span><b style=\"color: #000000; font-family: Arial, Helvetica, sans-serif, EmojiFont, 'Apple Color Emoji', 'Segoe UI Emoji', NotoColorEmoji, 'Segoe UI Symbol', 'Android Emoji', EmojiSymbols; font-size: 14.6667px;\">viernes 29 a las 17:30hs en los Cines Girona <\/b><span style=\"color: #000000; font-family: Arial, Helvetica, sans-serif, EmojiFont, 'Apple Color Emoji', 'Segoe UI Emoji', NotoColorEmoji, 'Segoe UI Symbol', 'Android Emoji', EmojiSymbols; font-size: 14.6667px;\">como<\/span><span style=\"color: #000000; font-family: Arial, Helvetica, sans-serif, EmojiFont, 'Apple Color Emoji', 'Segoe UI Emoji', NotoColorEmoji, 'Segoe UI Symbol', 'Android Emoji', EmojiSymbols; font-size: 14.6667px;\">&nbsp;parte de la&nbsp; selecci\u00f3n oficial del festival Dart- de documentales de artistas en Barcelona.<\/span><\/p>\n<div style=\"color: #000000; font-family: Arial, Helvetica, sans-serif, EmojiFont, 'Apple Color Emoji', 'Segoe UI Emoji', NotoColorEmoji, 'Segoe UI Symbol', 'Android Emoji', EmojiSymbols; font-size: 14.6667px;\">\n<p><b>SINOPSIS:&nbsp;<\/b>&nbsp;El hallazgo de tres grandes fragmentos del mural Pax In Lucem, una de&nbsp; las obras ico\u0301nicas del pintor Torres-Garc\u00eda desaparecida en el incendio del Museo de Arte Moderno de R\u00edo de Janeiro&nbsp; en 1978, dispara en su bisnieto Alejandro, un viaje hacia la vida del&nbsp; artista y su bu\u0301squeda de un Arte Universal.<\/p>\n<\/div>\n<p><b style=\"text-align: var(--text-align); background-color: ; color: rgb(0, 0, 0); font-family: Arial, Helvetica, sans-serif, EmojiFont, &quot;Apple Color Emoji&quot;, &quot;Segoe UI Emoji&quot;, NotoColorEmoji, &quot;Segoe UI Symbol&quot;, &quot;Android Emoji&quot;, EmojiSymbols; font-size: 14.6667px;\"><br \/><\/b><\/p><p><b style=\"text-align: var(--text-align); background-color: ; color: rgb(0, 0, 0); font-family: Arial, Helvetica, sans-serif, EmojiFont, &quot;Apple Color Emoji&quot;, &quot;Segoe UI Emoji&quot;, NotoColorEmoji, &quot;Segoe UI Symbol&quot;, &quot;Android Emoji&quot;, EmojiSymbols; font-size: 14.6667px;\">EVENTO: VIERNES 29, 17:30hs &#8211; Cines Girona<\/b><\/p>\n<p><b style=\"color: #000000; font-family: Arial, Helvetica, sans-serif, EmojiFont, 'Apple Color Emoji', 'Segoe UI Emoji', NotoColorEmoji, 'Segoe UI Symbol', 'Android Emoji', EmojiSymbols; font-size: 14.6667px;\">ENTRADAS:<\/b><span style=\"color: #000000; font-family: Arial, Helvetica, sans-serif, EmojiFont, 'Apple Color Emoji', 'Segoe UI Emoji', NotoColorEmoji, 'Segoe UI Symbol', 'Android Emoji', EmojiSymbols; font-size: 14.6667px;\">&nbsp;<\/span><a style=\"font-family: Arial, Helvetica, sans-serif, EmojiFont, 'Apple Color Emoji', 'Segoe UI Emoji', NotoColorEmoji, 'Segoe UI Symbol', 'Android Emoji', EmojiSymbols; font-size: 14.6667px; background-color: #ffffff;\" href=\"https:\/\/dart-festival.com\/doc\/joaquin-torres-garcia-pax-in-lucem\/\" target=\"_blank\" rel=\"noopener noreferrer\">https:\/\/dart-festival.com\/doc\/joaquin-torres-garcia-pax-in-lucem\/<\/a><\/p><p><span style=\"color: #000000; font-family: Arial, Helvetica, sans-serif, EmojiFont, 'Apple Color Emoji', 'Segoe UI Emoji', NotoColorEmoji, 'Segoe UI Symbol', 'Android Emoji', EmojiSymbols; font-size: 14.6667px;\">* La proyecci\u00f3n ser\u00e1 presentada por su director Emiliano Mazza De Luca, entrevistados locales y parte del equipo de filmaci\u00f3n.<\/span><\/p>\n<div style=\"color: #000000; font-family: Arial, Helvetica, sans-serif, EmojiFont, 'Apple Color Emoji', 'Segoe UI Emoji', NotoColorEmoji, 'Segoe UI Symbol', 'Android Emoji', EmojiSymbols; font-size: 14.6667px;\"><b>TRAILER:&nbsp;<\/b>&nbsp;<a href=\"https:\/\/vimeo.com\/passaparolafilms\/paxtraileroficial\">https:\/\/vimeo.com\/passaparolafilms\/paxtraileroficial<\/a><\/div>\n<p><\/p>\t\t\t\t\t\t\t\t<\/div>\n\t\t\t\t<\/div>\n\t\t\t\t\t<\/div>\n\t\t\t\t<\/div>\n\t\t<div class=\"elementor-element elementor-element-e8e0415 e-flex e-con-boxed e-con e-parent\" data-id=\"e8e0415\" data-element_type=\"container\" data-e-type=\"container\">\n\t\t\t\t\t<div class=\"e-con-inner\">\n\t\t\t\t<div class=\"elementor-element elementor-element-92c48a0 elementor-widget elementor-widget-image\" data-id=\"92c48a0\" data-element_type=\"widget\" data-e-type=\"widget\" data-widget_type=\"image.default\">\n\t\t\t\t<div class=\"elementor-widget-container\">\n\t\t\t\t\t\t\t\t\t\t\t\t\t\t\t<img fetchpriority=\"high\" decoding=\"async\" width=\"1024\" height=\"1024\" src=\"https:\/\/consuladouy-bcn.es\/wp-content\/uploads\/2024\/11\/PAX-Dart-2-1024x1024.png\" class=\"attachment-large size-large wp-image-10032\" alt=\"\" srcset=\"https:\/\/consuladouy-bcn.es\/wp-content\/uploads\/2024\/11\/PAX-Dart-2-1024x1024.png 1024w, https:\/\/consuladouy-bcn.es\/wp-content\/uploads\/2024\/11\/PAX-Dart-2-300x300.png 300w, https:\/\/consuladouy-bcn.es\/wp-content\/uploads\/2024\/11\/PAX-Dart-2-150x150.png 150w, https:\/\/consuladouy-bcn.es\/wp-content\/uploads\/2024\/11\/PAX-Dart-2-768x768.png 768w, https:\/\/consuladouy-bcn.es\/wp-content\/uploads\/2024\/11\/PAX-Dart-2.png 1500w\" sizes=\"(max-width: 1024px) 100vw, 1024px\" \/>\t\t\t\t\t\t\t\t\t\t\t\t\t\t\t<\/div>\n\t\t\t\t<\/div>\n\t\t\t\t\t<\/div>\n\t\t\t\t<\/div>\n\t\t\t\t<\/div>\n\t\t","protected":false},"excerpt":{"rendered":"<p>Pax In Lucem \u2013 Documental sobre Torres Garc\u00eda \u2013 Festival de Documentales de Arte Se pone en conocimiento de la Proyecci\u00f3n de la pel\u00edcula Pax in Lucem&nbsp;dirigida por el uruguayo Emiliano Mazza de Luca,&nbsp;el pr\u00f3ximo&nbsp;viernes 29 a las 17:30hs en los Cines Girona como&nbsp;parte de la&nbsp; selecci\u00f3n oficial del festival Dart- de documentales de artistas&#8230;<\/p>\n","protected":false},"author":6445,"featured_media":10028,"comment_status":"closed","ping_status":"closed","sticky":false,"template":"","format":"standard","meta":{"_kad_post_transparent":"","_kad_post_title":"","_kad_post_layout":"","_kad_post_sidebar_id":"","_kad_post_content_style":"","_kad_post_vertical_padding":"","_kad_post_feature":"","_kad_post_feature_position":"","_kad_post_header":false,"_kad_post_footer":false,"footnotes":""},"categories":[65],"tags":[],"class_list":["post-10027","post","type-post","status-publish","format-standard","has-post-thumbnail","hentry","category-eventos"],"_links":{"self":[{"href":"https:\/\/consuladouy-bcn.es\/httpdocs\/wp-json\/wp\/v2\/posts\/10027","targetHints":{"allow":["GET"]}}],"collection":[{"href":"https:\/\/consuladouy-bcn.es\/httpdocs\/wp-json\/wp\/v2\/posts"}],"about":[{"href":"https:\/\/consuladouy-bcn.es\/httpdocs\/wp-json\/wp\/v2\/types\/post"}],"author":[{"embeddable":true,"href":"https:\/\/consuladouy-bcn.es\/httpdocs\/wp-json\/wp\/v2\/users\/6445"}],"replies":[{"embeddable":true,"href":"https:\/\/consuladouy-bcn.es\/httpdocs\/wp-json\/wp\/v2\/comments?post=10027"}],"version-history":[{"count":22,"href":"https:\/\/consuladouy-bcn.es\/httpdocs\/wp-json\/wp\/v2\/posts\/10027\/revisions"}],"predecessor-version":[{"id":10065,"href":"https:\/\/consuladouy-bcn.es\/httpdocs\/wp-json\/wp\/v2\/posts\/10027\/revisions\/10065"}],"wp:featuredmedia":[{"embeddable":true,"href":"https:\/\/consuladouy-bcn.es\/httpdocs\/wp-json\/wp\/v2\/media\/10028"}],"wp:attachment":[{"href":"https:\/\/consuladouy-bcn.es\/httpdocs\/wp-json\/wp\/v2\/media?parent=10027"}],"wp:term":[{"taxonomy":"category","embeddable":true,"href":"https:\/\/consuladouy-bcn.es\/httpdocs\/wp-json\/wp\/v2\/categories?post=10027"},{"taxonomy":"post_tag","embeddable":true,"href":"https:\/\/consuladouy-bcn.es\/httpdocs\/wp-json\/wp\/v2\/tags?post=10027"}],"curies":[{"name":"wp","href":"https:\/\/api.w.org\/{rel}","templated":true}]}}